{"id":7615,"date":"2015-11-05T09:05:44","date_gmt":"2015-11-05T08:05:44","guid":{"rendered":"http:\/\/k2info.w.uib.no\/?p=7615"},"modified":"2015-11-05T10:19:03","modified_gmt":"2015-11-05T09:19:03","slug":"laeringskonferanse-ved-uib-10-november-2015","status":"publish","type":"post","link":"https:\/\/k2info.w.uib.no\/nb_no\/2015\/11\/05\/laeringskonferanse-ved-uib-10-november-2015\/","title":{"rendered":"[:no]Invitasjon til UiB sin f\u00f8rste l\u00e6ringskonferanse: VilVite tirsdag 10.11. kl. 08:30-16:00[:en]Invitation to the first Learning Conference at UiB: Vil Vite November 10th 2015 8.30am-4.00pm[:]"},"content":{"rendered":"<p>[:no]Vi vil gjerne informere om <a href=\"https:\/\/uiblc.w.uib.no\/\" target=\"_blank\">L\u00e6ringskonferansen 2015<\/a> i regi av milj\u00f8et for universitetspedagogikk ved UiB.<\/p>\n<p>Som del av programmet vil det blant annet v\u00e6re en egen sesjon om UiBs kommende l\u00e6ringsplattform Canvas og mulighetene som ligger i denne for undervisere ved UiB.<\/p>\n<p>Deltakelse er gratis. P\u00e5melding skjer <a href=\"https:\/\/uiblc.w.uib.no\/registration\/\" target=\"_blank\">her<\/a>.<\/p>\n<p>Med vennlig hilsen<br \/>\n\u00d8rjan Leren<br \/>\n<a href=\"http:\/\/www.uib.no\/mofa\" target=\"_blank\">Det medisinsk-odontologiske fakultet<\/a><br \/>\nUniversitetet i Bergen<a href=\"http:\/\/www.uib.no\/mofa\" target=\"_blank\" rel=\"noreferrer\"><br \/>\n<\/a>Tlf: +47 55 58 64 85[:en]We would like to inform everyone about <a href=\"https:\/\/uiblc.w.uib.no\/\" target=\"_blank\">The Learning Conference 2015<\/a> organized by the environment for university teaching at UiB.<br \/>\nAs part of the programme there will be a separate session on the University&#8217;s upcoming learning platform, Canvas, and the opportunities inherent in this for educators at UiB. Participation is free.<br \/>\nPlease register <a href=\"https:\/\/uiblc.w.uib.no\/registration\/\" target=\"_blank\">here<\/a>.<\/p>\n<p>Best regards<br \/>\n\u00d8rjan Leren<br \/>\n<a href=\"http:\/\/www.uib.no\/mofa\" target=\"_blank\">Faculty of Medicine and Dentistry<\/a><br \/>\nUniversity of Bergen<br \/>\nTel: +47 55 58 64 85[:]<\/p>\n","protected":false},"excerpt":{"rendered":"<p>[:no]Vi vil gjerne informere om L\u00e6ringskonferansen 2015 i regi av milj\u00f8et for universitetspedagogikk ved UiB. Som del av programmet vil det blant annet v\u00e6re en egen sesjon om UiBs kommende l\u00e6ringsplattform Canvas og mulighetene som ligger i denne for undervisere&hellip;<\/p>\n<p class=\"more-link-p\"><a class=\"more-link\" href=\"https:\/\/k2info.w.uib.no\/nb_no\/2015\/11\/05\/laeringskonferanse-ved-uib-10-november-2015\/\">Read more &rarr;<\/a><\/p>\n","protected":false},"author":3238,"featured_media":0,"comment_status":"open","ping_status":"open","sticky":false,"template":"","format":"standard","meta":{"footnotes":""},"categories":[44],"tags":[64954,64957,64960],"class_list":["post-7615","post","type-post","status-publish","format-standard","hentry","category-nyheter","tag-64954","tag-64957","tag-64960"],"_links":{"self":[{"href":"https:\/\/k2info.w.uib.no\/nb_no\/wp-json\/wp\/v2\/posts\/7615","targetHints":{"allow":["GET"]}}],"collection":[{"href":"https:\/\/k2info.w.uib.no\/nb_no\/wp-json\/wp\/v2\/posts"}],"about":[{"href":"https:\/\/k2info.w.uib.no\/nb_no\/wp-json\/wp\/v2\/types\/post"}],"author":[{"embeddable":true,"href":"https:\/\/k2info.w.uib.no\/nb_no\/wp-json\/wp\/v2\/users\/3238"}],"replies":[{"embeddable":true,"href":"https:\/\/k2info.w.uib.no\/nb_no\/wp-json\/wp\/v2\/comments?post=7615"}],"version-history":[{"count":5,"href":"https:\/\/k2info.w.uib.no\/nb_no\/wp-json\/wp\/v2\/posts\/7615\/revisions"}],"predecessor-version":[{"id":7802,"href":"https:\/\/k2info.w.uib.no\/nb_no\/wp-json\/wp\/v2\/posts\/7615\/revisions\/7802"}],"wp:attachment":[{"href":"https:\/\/k2info.w.uib.no\/nb_no\/wp-json\/wp\/v2\/media?parent=7615"}],"wp:term":[{"taxonomy":"category","embeddable":true,"href":"https:\/\/k2info.w.uib.no\/nb_no\/wp-json\/wp\/v2\/categories?post=7615"},{"taxonomy":"post_tag","embeddable":true,"href":"https:\/\/k2info.w.uib.no\/nb_no\/wp-json\/wp\/v2\/tags?post=7615"}],"curies":[{"name":"wp","href":"https:\/\/api.w.org\/{rel}","templated":true}]}}