{"id":6552,"date":"2015-05-08T09:52:48","date_gmt":"2015-05-08T08:52:48","guid":{"rendered":"http:\/\/k2info.w.uib.no\/?p=6552"},"modified":"2015-05-08T12:29:23","modified_gmt":"2015-05-08T11:29:23","slug":"kommunikasjonsfrokost-forskere-i-sosiale-medium-2","status":"publish","type":"post","link":"https:\/\/k2info.w.uib.no\/nb_no\/2015\/05\/08\/kommunikasjonsfrokost-forskere-i-sosiale-medium-2\/","title":{"rendered":"<!--:no-->Kommunikasjonsfrukost; Forskare i sosiale medium<!--:--><!--:en-->Communication breakfast; Researchers in social media<!--:-->"},"content":{"rendered":"<p><!--:no--><\/p>\n<p><a href=\"http:\/\/k2info.w.uib.no\/files\/2015\/05\/WEB.jpg\"><img loading=\"lazy\" decoding=\"async\" class=\"alignleft size-thumbnail wp-image-6571\" src=\"http:\/\/k2info.w.uib.no\/files\/2015\/05\/WEB-150x150.jpg\" alt=\"WEB\" width=\"150\" height=\"150\" \/><\/a><strong>\u00abEg tvitrar, alts\u00e5 er eg\u00bb: Forskarar i sosiale medium\u00a0<\/strong><\/p>\n<p>Er sosiale medium mer enn selfies og kattevideoer? Kan forskning formidles p\u00e5 140 teikn?<br \/>Kommunikasjonsavdelingen inviterer alle tilsatte til kommunikasjonsfrokost 13. mai, med sosiale medium p\u00e5 menyen. H\u00f8r om andre forskere sine egne erfaringer og f\u00e5 gode tips og r\u00e5d underveis. Gratis adgang!<\/p>\n<p><strong>Tid: Onsdag 13. mai, kl. 08:00 til 10:00<\/strong><br \/><strong>Stad: Egget, Studentsenteret<\/strong><\/p>\n<p>P\u00e5meldingsfrist: Mandag 11. mai<\/p>\n<p><a href=\"http:\/\/www.uib.no\/foransatte\/87852\/%C2%ABeg-tvitrar-alts%C3%A5-er-eg%C2%BB-forskarar-i-sosiale-medium\" target=\"_blank\">Mer informasjon og p\u00e5meldingsskjema<\/a>\u00a0<\/p>\n<p><!--:--><!--:en--><\/p>\n<p><a href=\"http:\/\/k2info.w.uib.no\/files\/2015\/05\/WEB.jpg\"><img loading=\"lazy\" decoding=\"async\" class=\"alignleft size-thumbnail wp-image-6571\" src=\"http:\/\/k2info.w.uib.no\/files\/2015\/05\/WEB-150x150.jpg\" alt=\"WEB\" width=\"150\" height=\"150\" \/><\/a>\u00a0<span class=\"hps\">&#8216;I<\/span> <span class=\"hps\">tweet<\/span>, therefore <span class=\"hps\">I<\/span> am <span class=\"hps\">&laquo;:<\/span> <span class=\"hps\">Researchers<\/span> <span class=\"hps\">in<\/span> <span class=\"hps\">social<\/span> <span class=\"hps\">media<\/span><\/p>\n<p><span class=\"hps\">Is<\/span> <span class=\"hps\">social<\/span> <span class=\"hps\">media<\/span> <span class=\"hps\">more than<\/span> <span class=\"hps\">selfies<\/span> <span class=\"hps\">and<\/span> <span class=\"hps\">cat<\/span> <span class=\"hps\">videos<\/span>? <span class=\"hps\">Can<\/span> <span class=\"hps\">research<\/span> <span class=\"hps\">conveyed in<\/span> <span class=\"hps\">140<\/span> <span class=\"hps\">characters<\/span>?<br \/><span class=\"hps\">The Communications Department<\/span> <span class=\"hps\">invites<\/span> <span class=\"hps\">all employees<\/span> <span class=\"hps\">to\u00a0a communication <\/span>\u00a0<span class=\"hps\">breakfast<\/span> <span class=\"hps\">May 13<\/span>, <span class=\"hps\">with<\/span> <span class=\"hps\">social<\/span> <span class=\"hps\">medium<\/span> <span class=\"hps\">on the menu.<\/span> <span class=\"hps\">Hear<\/span> <span class=\"hps\">about<\/span> <span class=\"hps\">other scientists own<\/span><span class=\"hps\"> experience, and<\/span> <span class=\"hps\">get good<\/span> <span class=\"hps\">tips<\/span> <span class=\"hps\">and<\/span> <span class=\"hps\">advice<\/span> <span class=\"hps\">along the way.<\/span> <span class=\"hps\">Free<\/span> <span class=\"hps\">admission!<\/span><\/p>\n<p><strong><span class=\"hps\">Time<\/span>: Wednesday <span class=\"hps\">13 May<\/span> <span class=\"hps\">kl<\/span>. <span class=\"hps\">08:00 until 10:00<\/span><\/strong><br \/><strong><span class=\"hps\">City:<\/span> <span class=\"hps\">Egg<\/span>, <span class=\"hps\">Student Centre<\/span><\/strong><br \/><strong><span class=\"hps\">Deadline<\/span>: Monday <span class=\"hps\">May 11<\/span><\/strong><\/p>\n<p><a href=\"http:\/\/www.uib.no\/foransatte\/87852\/%C2%ABeg-tvitrar-alts%C3%A5-er-eg%C2%BB-forskarar-i-sosiale-medium\" target=\"_blank\"><span class=\"hps\">More information<\/span> <span class=\"hps\">and registration form<\/span><\/a>\u00a0<\/p>\n<p>\u00a0<\/p>\n<p><!--:--><\/p>\n","protected":false},"excerpt":{"rendered":"<p>\u00abEg tvitrar, alts\u00e5 er eg\u00bb: Forskarar i sosiale medium\u00a0 Er sosiale medium mer enn selfies og kattevideoer? Kan forskning formidles p\u00e5 140 teikn?Kommunikasjonsavdelingen inviterer alle tilsatte til kommunikasjonsfrokost 13. mai, med sosiale medium p\u00e5 menyen. H\u00f8r om andre forskere sine&hellip;<\/p>\n<p class=\"more-link-p\"><a class=\"more-link\" href=\"https:\/\/k2info.w.uib.no\/nb_no\/2015\/05\/08\/kommunikasjonsfrokost-forskere-i-sosiale-medium-2\/\">Read more &rarr;<\/a><\/p>\n","protected":false},"author":2783,"featured_media":0,"comment_status":"open","ping_status":"open","sticky":false,"template":"","format":"standard","meta":{"footnotes":""},"categories":[44],"tags":[],"class_list":["post-6552","post","type-post","status-publish","format-standard","hentry","category-nyheter"],"_links":{"self":[{"href":"https:\/\/k2info.w.uib.no\/nb_no\/wp-json\/wp\/v2\/posts\/6552","targetHints":{"allow":["GET"]}}],"collection":[{"href":"https:\/\/k2info.w.uib.no\/nb_no\/wp-json\/wp\/v2\/posts"}],"about":[{"href":"https:\/\/k2info.w.uib.no\/nb_no\/wp-json\/wp\/v2\/types\/post"}],"author":[{"embeddable":true,"href":"https:\/\/k2info.w.uib.no\/nb_no\/wp-json\/wp\/v2\/users\/2783"}],"replies":[{"embeddable":true,"href":"https:\/\/k2info.w.uib.no\/nb_no\/wp-json\/wp\/v2\/comments?post=6552"}],"version-history":[{"count":8,"href":"https:\/\/k2info.w.uib.no\/nb_no\/wp-json\/wp\/v2\/posts\/6552\/revisions"}],"predecessor-version":[{"id":6576,"href":"https:\/\/k2info.w.uib.no\/nb_no\/wp-json\/wp\/v2\/posts\/6552\/revisions\/6576"}],"wp:attachment":[{"href":"https:\/\/k2info.w.uib.no\/nb_no\/wp-json\/wp\/v2\/media?parent=6552"}],"wp:term":[{"taxonomy":"category","embeddable":true,"href":"https:\/\/k2info.w.uib.no\/nb_no\/wp-json\/wp\/v2\/categories?post=6552"},{"taxonomy":"post_tag","embeddable":true,"href":"https:\/\/k2info.w.uib.no\/nb_no\/wp-json\/wp\/v2\/tags?post=6552"}],"curies":[{"name":"wp","href":"https:\/\/api.w.org\/{rel}","templated":true}]}}