{"id":4550,"date":"2014-10-03T11:40:28","date_gmt":"2014-10-03T10:40:28","guid":{"rendered":"http:\/\/k2info.w.uib.no\/?p=4550"},"modified":"2014-11-06T10:23:15","modified_gmt":"2014-11-06T09:23:15","slug":"nye-personalsider-for-ansatte","status":"publish","type":"post","link":"https:\/\/k2info.w.uib.no\/nb_no\/2014\/10\/03\/nye-personalsider-for-ansatte\/","title":{"rendered":"<!--:no-->Nye personalsider for ansatte<!--:--><!--:en-->New personal pages for employees<!--:-->"},"content":{"rendered":"<p><!--:no--><img loading=\"lazy\" decoding=\"async\" class=\"alignleft\" src=\"http:\/\/www.uib.no\/sites\/all\/themes\/uib\/uib_zen\/images\/person.png\" alt=\"\" width=\"80\" height=\"120\" \/>22. oktober lanseres UiBs nye personalsider for ansatte. K2 oppfordrer alle ansatte om \u00e5 ta sin side i bruk.\u00a0Sidene \u00e5pnes for redigering og oppdatering fra 7. oktober.\u00a0 Det vil i denne sammenheng bli sendt ut mail til alle ansatte.<\/p>\n<p>Den nye l\u00f8sningen gir ogs\u00e5 langt st\u00f8rre fleksibilitet til \u00e5 redigere innholdet p\u00e5 siden enn tidligere. Dette gir deg ogs\u00e5 anledning til \u00e5 fremheve det som er viktigst ved ditt arbeid.<\/p>\n<p>Vi oppfordrer alle til \u00e5 oppdatere sidene sine med portrettbilde. Ta kontakt med <a href=\"mailto:Anne.Herdlevar@uib.no\" target=\"_blank\">Anne Herdlevar<\/a> for bestilling av tid. <a href=\"http:\/\/k2info.w.uib.no\/files\/2014\/10\/Nye-personsider-K2.docx\" target=\"_blank\">For mer informasjon<\/a>.<!--:--><!--:en--><img loading=\"lazy\" decoding=\"async\" class=\"alignleft\" src=\"http:\/\/www.uib.no\/sites\/all\/themes\/uib\/uib_zen\/images\/person.png\" alt=\"\" width=\"80\" height=\"120\" \/>The new personal webpages will be launched October 22. K2 encourage all employees to use their page. Editing of the pages will be possible from October 7, and all employees will receive an e-mail concerning at that time.<\/p>\n<p>The new solution provides far greater flexibility to edit the page content than before. This gives you the opportunity to highlight what is most important in your work.<\/p>\n<p>We encourage everyone to update their pages with a portrait. Contact <a href=\"mailto:Anne.Herdlevar@uib.no\" target=\"_blank\">Anne Herdlevar<\/a> for appointment. <a href=\"http:\/\/k2info.w.uib.no\/files\/2014\/10\/Nye-personsider-K2.docx\" target=\"_blank\">For more information.<\/a><!--:--><\/p>\n","protected":false},"excerpt":{"rendered":"<p>22. oktober lanseres UiBs nye personalsider for ansatte. K2 oppfordrer alle ansatte om \u00e5 ta sin side i bruk.\u00a0Sidene \u00e5pnes for redigering og oppdatering fra 7. oktober.\u00a0 Det vil i denne sammenheng bli sendt ut mail til alle ansatte. Den&hellip;<\/p>\n<p class=\"more-link-p\"><a class=\"more-link\" href=\"https:\/\/k2info.w.uib.no\/nb_no\/2014\/10\/03\/nye-personalsider-for-ansatte\/\">Read more &rarr;<\/a><\/p>\n","protected":false},"author":2783,"featured_media":0,"comment_status":"open","ping_status":"open","sticky":false,"template":"","format":"standard","meta":{"footnotes":""},"categories":[44],"tags":[52333],"class_list":["post-4550","post","type-post","status-publish","format-standard","hentry","category-nyheter","tag-52333"],"_links":{"self":[{"href":"https:\/\/k2info.w.uib.no\/nb_no\/wp-json\/wp\/v2\/posts\/4550","targetHints":{"allow":["GET"]}}],"collection":[{"href":"https:\/\/k2info.w.uib.no\/nb_no\/wp-json\/wp\/v2\/posts"}],"about":[{"href":"https:\/\/k2info.w.uib.no\/nb_no\/wp-json\/wp\/v2\/types\/post"}],"author":[{"embeddable":true,"href":"https:\/\/k2info.w.uib.no\/nb_no\/wp-json\/wp\/v2\/users\/2783"}],"replies":[{"embeddable":true,"href":"https:\/\/k2info.w.uib.no\/nb_no\/wp-json\/wp\/v2\/comments?post=4550"}],"version-history":[{"count":8,"href":"https:\/\/k2info.w.uib.no\/nb_no\/wp-json\/wp\/v2\/posts\/4550\/revisions"}],"predecessor-version":[{"id":4607,"href":"https:\/\/k2info.w.uib.no\/nb_no\/wp-json\/wp\/v2\/posts\/4550\/revisions\/4607"}],"wp:attachment":[{"href":"https:\/\/k2info.w.uib.no\/nb_no\/wp-json\/wp\/v2\/media?parent=4550"}],"wp:term":[{"taxonomy":"category","embeddable":true,"href":"https:\/\/k2info.w.uib.no\/nb_no\/wp-json\/wp\/v2\/categories?post=4550"},{"taxonomy":"post_tag","embeddable":true,"href":"https:\/\/k2info.w.uib.no\/nb_no\/wp-json\/wp\/v2\/tags?post=4550"}],"curies":[{"name":"wp","href":"https:\/\/api.w.org\/{rel}","templated":true}]}}