{"id":3918,"date":"2014-06-27T11:49:02","date_gmt":"2014-06-27T10:49:02","guid":{"rendered":"http:\/\/k2info.w.uib.no\/?p=3918"},"modified":"2014-09-30T12:48:49","modified_gmt":"2014-09-30T11:48:49","slug":"takk-for-varens-innsats","status":"publish","type":"post","link":"https:\/\/k2info.w.uib.no\/nb_no\/2014\/06\/27\/takk-for-varens-innsats\/","title":{"rendered":"<!--:no-->Takk for v\u00e5rens innsats<!--:--><!--:en-->Thank you for this spring&#8217;s efforts<!--:-->"},"content":{"rendered":"<p><!--:no--><a href=\"http:\/\/k2info.w.uib.no\/files\/2013\/11\/Eystein-2.jpg\"><img loading=\"lazy\" decoding=\"async\" class=\"alignleft wp-image-629 size-full\" src=\"http:\/\/k2info.w.uib.no\/files\/2013\/11\/Eystein-2.jpg\" alt=\"Eystein 2\" width=\"174\" height=\"165\" \/><\/a>Eksamen er avsluttet, disputaser holdt og sommerferien st\u00e5r for d\u00f8ren for de fleste av oss. Jeg vil p\u00e5 vegne av ledergruppen takke instituttets medarbeidere for innsatsen denne v\u00e5ren. Vi har undervist, publisert og utviklet fagene vi representerer. Alt dette er avhengig av at daglige rutiner fungerer. B\u00e5de administrasjonen og undervisningsseksjonen har bidratt mye til at ting glir lettere. Ikke minst har v\u00e5re glade gutter Klaus og Lars i K2- ekspedisjonen bidratt til dette.<br \/>\n\u00d8konomien har kommet p\u00e5 rett kj\u00f8l selv om den er stram og vi m\u00e5 avsette midler til nedbetaling av gjeld. Vi har funnet rom til at mer av midlene til PHD og postdokstipendiater g\u00e5r uavkortet til forskningsgruppene. Samtidig ligger det an til at om lag halvparten av stillingene som blir ledige ikke fornyes. Derfor vil rekrutteringsprosessen vi har hatt i v\u00e5r v\u00e6re viktig for fremtidige prioriteringer av knappe stillingsressurser.<br \/>\nEksistensgrunnlaget v\u00e5rt er undervisning av studenter p\u00e5 profesjonsstudiene og i bachelor og masterprogrammene. Ledelsen vil arbeide med undervisningen i h\u00f8st og vil komme med flere konkrete tiltak for \u00e5 heve kvaliteten. Et av dem er K2 sin undervisningspris som utlyses i dette nummeret av K2-nytt. Mer om dette blir presentert p\u00e5 undervisningsseminaret 17. september der alle K2-undervisere forventes \u00e5 delta.<br \/>\nMen f\u00f8rst h\u00e5per jeg alle f\u00e5r en fin sommerferie<\/p>\n<p><a href=\"http:\/\/k2info.w.uib.no\/files\/2014\/06\/Statutter-for-K2-undervisningspris.docx\" target=\"_blank\">Link til Statutter for undervisningspris<\/a><br \/>\nHilsen<br \/>\nEystein<!--:--><!--:en--><a href=\"http:\/\/k2info.w.uib.no\/files\/2013\/11\/Eystein-2.jpg\"><img loading=\"lazy\" decoding=\"async\" class=\"alignleft wp-image-629 size-full\" src=\"http:\/\/k2info.w.uib.no\/files\/2013\/11\/Eystein-2.jpg\" alt=\"Eystein 2\" width=\"174\" height=\"165\" \/><\/a>Exams are over, public defenses completed, and a long summer vacation is awaiting most of us. On behalf of the leader group, I would like to thank the institute&#8217;s employees for their continuous efforts to teach, publish and develop the academic disciplines they represent. For all of this to run smoothly, we must have daily routines that functioning. Both the administration and the study section are continuously working to improve these routines to make life easier for you. Klaus and Lars in the K2-reception are acknowledged for always helping out with all kinds of small and big jobs.<\/p>\n<p>We can now report half way into 2014 that the K2 budget is in balance, although still very tight as we have to set aside funds pay debts from 2013. Despite these difficulties we will be able to allocate more funds to the PhD and postdocs. If the current situation prevails, we will be able to renew about 50% of vacant positions. The recruitment process we have had this spring will provide the priorities for future recruitment.<\/p>\n<p>The basis of our existence is the teaching of students enrolled in the professional studies and in the bachelor and master programs. We now have a special focus on teaching and will propose several actions in order to enhance teaching quality. One such action is K2&#8217;s teaching award, which is announced in this issue of K2nytt. Other efforts will be presented and discussed at the teaching seminar scheduled for September 17, where all K2-lecturers are expected to participate.<br \/>\nHowever, first and foremost I hope everyone enjoys a nice summer vacation<\/p>\n<p><span id=\"result_box\" class=\"short_text\" lang=\"en\"><a href=\"http:\/\/k2info.w.uib.no\/files\/2014\/06\/Statutter-for-K2-undervisningspris.docx\" target=\"_blank\"><span class=\"hps\">Link<\/span> <span class=\"hps\">to<\/span> <span class=\"hps\">statutes for<\/span> <\/a><span class=\"hps\"><a href=\"http:\/\/k2info.w.uib.no\/files\/2014\/06\/Statutter-for-K2-undervisningspris.docx\" target=\"_blank\">education award (in norwegian) <\/a><br \/>\n<\/span><\/span><\/p>\n<p>Warm regards<\/p>\n<p>Eystein<!--:--><\/p>\n","protected":false},"excerpt":{"rendered":"<p>Eksamen er avsluttet, disputaser holdt og sommerferien st\u00e5r for d\u00f8ren for de fleste av oss. Jeg vil p\u00e5 vegne av ledergruppen takke instituttets medarbeidere for innsatsen denne v\u00e5ren. Vi har undervist, publisert og utviklet fagene vi representerer. Alt dette er&hellip;<\/p>\n<p class=\"more-link-p\"><a class=\"more-link\" href=\"https:\/\/k2info.w.uib.no\/nb_no\/2014\/06\/27\/takk-for-varens-innsats\/\">Read more &rarr;<\/a><\/p>\n","protected":false},"author":2782,"featured_media":0,"comment_status":"open","ping_status":"open","sticky":false,"template":"","format":"standard","meta":{"footnotes":""},"categories":[39969],"tags":[52318],"class_list":["post-3918","post","type-post","status-publish","format-standard","hentry","category-ukens-leder","tag-52318"],"_links":{"self":[{"href":"https:\/\/k2info.w.uib.no\/nb_no\/wp-json\/wp\/v2\/posts\/3918","targetHints":{"allow":["GET"]}}],"collection":[{"href":"https:\/\/k2info.w.uib.no\/nb_no\/wp-json\/wp\/v2\/posts"}],"about":[{"href":"https:\/\/k2info.w.uib.no\/nb_no\/wp-json\/wp\/v2\/types\/post"}],"author":[{"embeddable":true,"href":"https:\/\/k2info.w.uib.no\/nb_no\/wp-json\/wp\/v2\/users\/2782"}],"replies":[{"embeddable":true,"href":"https:\/\/k2info.w.uib.no\/nb_no\/wp-json\/wp\/v2\/comments?post=3918"}],"version-history":[{"count":1,"href":"https:\/\/k2info.w.uib.no\/nb_no\/wp-json\/wp\/v2\/posts\/3918\/revisions"}],"predecessor-version":[{"id":3921,"href":"https:\/\/k2info.w.uib.no\/nb_no\/wp-json\/wp\/v2\/posts\/3918\/revisions\/3921"}],"wp:attachment":[{"href":"https:\/\/k2info.w.uib.no\/nb_no\/wp-json\/wp\/v2\/media?parent=3918"}],"wp:term":[{"taxonomy":"category","embeddable":true,"href":"https:\/\/k2info.w.uib.no\/nb_no\/wp-json\/wp\/v2\/categories?post=3918"},{"taxonomy":"post_tag","embeddable":true,"href":"https:\/\/k2info.w.uib.no\/nb_no\/wp-json\/wp\/v2\/tags?post=3918"}],"curies":[{"name":"wp","href":"https:\/\/api.w.org\/{rel}","templated":true}]}}