{"id":29029,"date":"2026-09-04T12:00:00","date_gmt":"2026-09-04T11:00:00","guid":{"rendered":"https:\/\/k2info.w.uib.no\/?p=29029"},"modified":"2026-09-04T12:28:56","modified_gmt":"2026-09-04T11:28:56","slug":"ukens-leder-silke-appel-14","status":"publish","type":"post","link":"https:\/\/k2info.w.uib.no\/nb_no\/2026\/09\/04\/ukens-leder-silke-appel-14\/","title":{"rendered":"Ukens leder &#8211; Silke Appel"},"content":{"rendered":"\n<div class=\"wp-block-media-text is-stacked-on-mobile\"><figure class=\"wp-block-media-text__media\"><a href=\"https:\/\/k2info.w.uib.no\/files\/2026\/05\/Silke-Apell-instituttleder-1.jpg\"><img loading=\"lazy\" decoding=\"async\" width=\"420\" height=\"525\" src=\"https:\/\/k2info.w.uib.no\/files\/2026\/05\/Silke-Apell-instituttleder-1.jpg\" alt=\"\" class=\"wp-image-28498 size-full\" srcset=\"https:\/\/k2info.w.uib.no\/files\/2026\/05\/Silke-Apell-instituttleder-1.jpg 420w, https:\/\/k2info.w.uib.no\/files\/2026\/05\/Silke-Apell-instituttleder-1-240x300.jpg 240w, https:\/\/k2info.w.uib.no\/files\/2026\/05\/Silke-Apell-instituttleder-1-10x12.jpg 10w, https:\/\/k2info.w.uib.no\/files\/2026\/05\/Silke-Apell-instituttleder-1-300x375.jpg 300w\" sizes=\"auto, (max-width: 420px) 100vw, 420px\" \/><\/a><\/figure><div class=\"wp-block-media-text__content\">\n<p class=\"wp-block-paragraph\">Kj\u00e6re alle sammen,<\/p>\n\n\n\n<p class=\"wp-block-paragraph\">N\u00e5 skjer det veldig mye i forbindelse med flercampus-modellen. Denne uken ble det avholdt et oppl\u00e6ringsseminar for de nye semesterstyrelederne (som i v\u00e5rt tilfelle forel\u00f8pig ogs\u00e5 er semestergruppeledere) samt varaene og semesterkoordinatorene. Den nye studieplanen medf\u00f8rer at mange fag m\u00e5 flytte og\/eller endre deler av undervisningen, og at det blir en del overgangsordninger. Jeg setter veldig stor pris p\u00e5 den omfattende og gode jobben dere alle gj\u00f8r! Samtidig st\u00e5r vi overfor strammere \u00f8konomiske rammer enn tidligere. Det inneb\u00e6rer at ikke alle \u00f8nsker og behov kan innfris umiddelbart, og at vi m\u00e5 v\u00e6re bevisste p\u00e5 hvordan vi organiserer undervisningen og disponerer ressursene v\u00e5re. Nettopp derfor er innsatsen, fleksibiliteten og l\u00f8sningsorienteringen jeg ser dere viser i denne omstillingsfasen s\u00e5 viktig.<\/p>\n\n\n\n<p class=\"wp-block-paragraph\">Og en liten p\u00e5minnelse: Fredag 11.september kl.11 holdes Falch-forelesningen av Ole A. Andreassen \u00abFrom Genes to Clinic: Precision Medicine Using Scandinavian Population Data\u00bb. Etterp\u00e5 (kl.12:30) blir det arrangert lunsj med yngre forskere hvor han skal fortelle litt mer om karrierebygging \u2013 en kjempebra mulighet for alle yngre forskere, s\u00e5 husk \u00e5 meld dere p\u00e5 (epost til <a href=\"mailto:stephanie.lehellard@uib.no\">stephanie.lehellard@uib.no<\/a>)!<\/p>\n\n\n\n<p class=\"wp-block-paragraph\">Ha en riktig god helg!<\/p>\n\n\n\n<p class=\"wp-block-paragraph\">Silke<\/p>\n<\/div><\/div>\n","protected":false},"excerpt":{"rendered":"<p>Kj\u00e6re alle sammen,<\/p>\n<p>N\u00e5 skjer det veldig mye i forbindelse med flercampus-modellen. Denne uken ble det avholdt et oppl\u00e6ringsseminar for de nye semesterstyrelederne (som i v\u00e5rt tilfelle forel\u00f8pig ogs\u00e5 er semestergruppeledere) samt varaene og semesterkoordinatorene. Den nye studieplanen medf\u00f8rer at mange fag m\u00e5 flytte og\/eller endre deler av undervisningen, og at det blir en del overgangsordninger. Jeg setter veldig stor pris p\u00e5 den omfattende og gode jobben dere alle gj\u00f8r! Samtidig st\u00e5r vi overfor strammere \u00f8konomiske rammer enn tidligere. Det inneb\u00e6rer at ikke alle \u00f8nsker og behov kan innfris umiddelbart, og at vi m\u00e5 v\u00e6re bevisste p\u00e5 hvordan vi organiserer undervisningen og disponerer ressursene v\u00e5re. Nettopp derfor er innsatsen, fleksibiliteten og l\u00f8sningsorienteringen jeg ser dere viser i denne omstillingsfasen s\u00e5 viktig.<\/p>\n<p>Og en liten p\u00e5minnelse: Fredag 11.september kl.11 holdes Falch-forelesningen av Ole A. Andreassen \u00abFrom Genes to Clinic: Precision Medicine Using Scandinavian Population Data\u00bb. Etterp\u00e5 (kl.12:30) blir det arrangert lunsj med yngre forskere hvor han skal fortelle litt mer om karrierebygging \u2013 en kjempebra mulighet for alle yngre forskere, s\u00e5 husk \u00e5 meld dere p\u00e5 (epost til stephanie.lehellard@uib.no)!<\/p>\n<p>Ha en riktig god helg!<\/p>\n<p>Silke<\/p>\n<p class=\"more-link-p\"><a class=\"more-link\" href=\"https:\/\/k2info.w.uib.no\/nb_no\/2026\/09\/04\/ukens-leder-silke-appel-14\/\">Read more &rarr;<\/a><\/p>\n","protected":false},"author":5627,"featured_media":28498,"comment_status":"open","ping_status":"open","sticky":false,"template":"","format":"standard","meta":{"footnotes":""},"categories":[44,39969],"tags":[],"class_list":["post-29029","post","type-post","status-publish","format-standard","has-post-thumbnail","hentry","category-nyheter","category-ukens-leder"],"_links":{"self":[{"href":"https:\/\/k2info.w.uib.no\/nb_no\/wp-json\/wp\/v2\/posts\/29029","targetHints":{"allow":["GET"]}}],"collection":[{"href":"https:\/\/k2info.w.uib.no\/nb_no\/wp-json\/wp\/v2\/posts"}],"about":[{"href":"https:\/\/k2info.w.uib.no\/nb_no\/wp-json\/wp\/v2\/types\/post"}],"author":[{"embeddable":true,"href":"https:\/\/k2info.w.uib.no\/nb_no\/wp-json\/wp\/v2\/users\/5627"}],"replies":[{"embeddable":true,"href":"https:\/\/k2info.w.uib.no\/nb_no\/wp-json\/wp\/v2\/comments?post=29029"}],"version-history":[{"count":13,"href":"https:\/\/k2info.w.uib.no\/nb_no\/wp-json\/wp\/v2\/posts\/29029\/revisions"}],"predecessor-version":[{"id":29044,"href":"https:\/\/k2info.w.uib.no\/nb_no\/wp-json\/wp\/v2\/posts\/29029\/revisions\/29044"}],"wp:featuredmedia":[{"embeddable":true,"href":"https:\/\/k2info.w.uib.no\/nb_no\/wp-json\/wp\/v2\/media\/28498"}],"wp:attachment":[{"href":"https:\/\/k2info.w.uib.no\/nb_no\/wp-json\/wp\/v2\/media?parent=29029"}],"wp:term":[{"taxonomy":"category","embeddable":true,"href":"https:\/\/k2info.w.uib.no\/nb_no\/wp-json\/wp\/v2\/categories?post=29029"},{"taxonomy":"post_tag","embeddable":true,"href":"https:\/\/k2info.w.uib.no\/nb_no\/wp-json\/wp\/v2\/tags?post=29029"}],"curies":[{"name":"wp","href":"https:\/\/api.w.org\/{rel}","templated":true}]}}