{"id":29026,"date":"2026-09-04T11:41:00","date_gmt":"2026-09-04T10:41:00","guid":{"rendered":"https:\/\/k2info.w.uib.no\/?p=29026"},"modified":"2026-09-04T12:01:33","modified_gmt":"2026-09-04T11:01:33","slug":"uibs-innovasjonsdag","status":"publish","type":"post","link":"https:\/\/k2info.w.uib.no\/nb_no\/2026\/09\/04\/uibs-innovasjonsdag\/","title":{"rendered":"UiBs innovasjonsdag"},"content":{"rendered":"\n<p class=\"wp-block-paragraph\">21. september arrangeres UiB Innovasjonsdag, en m\u00f8teplass for forskere, n\u00e6ringsliv, studenter, politiske beslutningstakere, og innovasjonsakt\u00f8rer i regionen. P\u00e5 programmet st\u00e5r blant annet:<\/p>\n\n\n\n<ul class=\"wp-block-list\">\n<li>En innovasjonsstafett, der forskere fra alle fakulteter i l\u00f8pet av noen korte minutter skal presentere sine prosjekter<\/li>\n\n\n\n<li>To keynote-foredrag. UiB-professor Bodil Holst vil fortelle om hvordan grunnforskning ved Institutt for fysikk og teknologi la grunnlaget for teknologiselskapet Lace Lithography. De skal lage mer avanserte databrikker, p\u00e5 en billigere og mer milj\u00f8vennlig m\u00e5te. For dette arbeidet ble Holst tildelt Forskningsr\u00e5dets innovasjonspris for 2025. Thomas von Erlach vil fortelle om hvordan forskning innen medisin og teknologi ved MIT har blitt tatt ut i samfunnet gjennom selskapet Vivtex. De inngikk nylig et partnerskap med Novo Nordisk verdt 2,1 milliarder dollar, for \u00e5 utvikle nye medisiner mot fedme og diabetes.<\/li>\n\n\n\n<li>Paneldebatt med Anne Kjersti Fahlvik fra Forskningsr\u00e5det, Morten Ansteensen fra Lace Lithography og Kai Stoltz fra Bergen N\u00e6ringsr\u00e5d<\/li>\n\n\n\n<li>Offisiell markering av \u00e5rets vinnere av UiB Id\u00e9.<\/li>\n\n\n\n<li>Et unikt m\u00f8te mellom musikk og ribbemaneter \u2013 en fascinerende skapning som b\u00e5de kan \u00abeldes baklengs\u00bb og f\u00e5 forskere til \u00e5 tenke nytt om hjernens opprinnelse<\/li>\n<\/ul>\n\n\n\n<p class=\"wp-block-paragraph\">Viserektor Kjell-Morten Myhr oppfordrer s\u00e6rlig vitenskapelig ansatte, ogs\u00e5 dem som ikke anser seg selv som \u00abinnovative\u00bb, til \u00e5 m\u00f8te opp for \u00e5 bli kjent med innovasjonsaktiviteten ved UiB. Han ser frem til \u00e5 se mennesker fra ulike fagmilj\u00f8er og sektorer m\u00f8tes for \u00e5 bli kjent og hente inspirasjon fra hverandre.<\/p>\n\n\n\n<p class=\"wp-block-paragraph\">\u2013 Innovasjon skjer sjelden uten samarbeid, ulike synsvinkler og deling av id\u00e9er og utfordringer. Derfor er det s\u00e5 verdifullt \u00e5 samles b\u00e5de tverrfaglig og tverrsektorielt under samme tak. Jeg h\u00e5per ogs\u00e5 dagen kan inspirere enda flere forskere til \u00e5 utforske hvordan egen forskning kan utvikles til l\u00f8sninger som skaper verdi for samfunnet, sier Myhr.<\/p>\n\n\n\n<p class=\"wp-block-paragraph\">Lenke til artikkel: <a href=\"https:\/\/www4.uib.no\/om-uib\/aktuelt\/inviterer-til-uib-innovasjonsdag-for-tredje-gang\">Inviterer til UiB Innovasjonsdag for tredje gang | UiB<\/a><\/p>\n\n\n\n<p class=\"wp-block-paragraph\">Lenke til kalenderoppf\u00f8ring med p\u00e5meldingsskjema p\u00e5 norsk:&nbsp; <a href=\"https:\/\/www4.uib.no\/arrangementer\/uib-innovasjonsdag-2026\">UiB Innovasjonsdag 2026 | UiB<\/a>&nbsp; &nbsp; &nbsp;og engelsk: <a href=\"https:\/\/www4.uib.no\/en\/events\/uib-innovation-day-2026\">UiB Innovation Day 2026 | UiB<\/a><\/p>\n","protected":false},"excerpt":{"rendered":"<p>21. september arrangeres UiB Innovasjonsdag, en m\u00f8teplass for forskere, n\u00e6ringsliv, studenter, politiske beslutningstakere, og innovasjonsakt\u00f8rer i regionen<\/p>\n<p class=\"more-link-p\"><a class=\"more-link\" href=\"https:\/\/k2info.w.uib.no\/nb_no\/2026\/09\/04\/uibs-innovasjonsdag\/\">Read more &rarr;<\/a><\/p>\n","protected":false},"author":2783,"featured_media":29028,"comment_status":"open","ping_status":"open","sticky":false,"template":"","format":"standard","meta":{"footnotes":""},"categories":[44],"tags":[],"class_list":["post-29026","post","type-post","status-publish","format-standard","has-post-thumbnail","hentry","category-nyheter"],"_links":{"self":[{"href":"https:\/\/k2info.w.uib.no\/nb_no\/wp-json\/wp\/v2\/posts\/29026","targetHints":{"allow":["GET"]}}],"collection":[{"href":"https:\/\/k2info.w.uib.no\/nb_no\/wp-json\/wp\/v2\/posts"}],"about":[{"href":"https:\/\/k2info.w.uib.no\/nb_no\/wp-json\/wp\/v2\/types\/post"}],"author":[{"embeddable":true,"href":"https:\/\/k2info.w.uib.no\/nb_no\/wp-json\/wp\/v2\/users\/2783"}],"replies":[{"embeddable":true,"href":"https:\/\/k2info.w.uib.no\/nb_no\/wp-json\/wp\/v2\/comments?post=29026"}],"version-history":[{"count":1,"href":"https:\/\/k2info.w.uib.no\/nb_no\/wp-json\/wp\/v2\/posts\/29026\/revisions"}],"predecessor-version":[{"id":29027,"href":"https:\/\/k2info.w.uib.no\/nb_no\/wp-json\/wp\/v2\/posts\/29026\/revisions\/29027"}],"wp:featuredmedia":[{"embeddable":true,"href":"https:\/\/k2info.w.uib.no\/nb_no\/wp-json\/wp\/v2\/media\/29028"}],"wp:attachment":[{"href":"https:\/\/k2info.w.uib.no\/nb_no\/wp-json\/wp\/v2\/media?parent=29026"}],"wp:term":[{"taxonomy":"category","embeddable":true,"href":"https:\/\/k2info.w.uib.no\/nb_no\/wp-json\/wp\/v2\/categories?post=29026"},{"taxonomy":"post_tag","embeddable":true,"href":"https:\/\/k2info.w.uib.no\/nb_no\/wp-json\/wp\/v2\/tags?post=29026"}],"curies":[{"name":"wp","href":"https:\/\/api.w.org\/{rel}","templated":true}]}}