{"id":28991,"date":"2026-09-03T11:34:00","date_gmt":"2026-09-03T10:34:00","guid":{"rendered":"https:\/\/k2info.w.uib.no\/?p=28991"},"modified":"2026-09-04T12:00:26","modified_gmt":"2026-09-04T11:00:26","slug":"disputas-aishwarya-pavithram-11-september","status":"publish","type":"post","link":"https:\/\/k2info.w.uib.no\/nb_no\/2026\/09\/03\/disputas-aishwarya-pavithram-11-september\/","title":{"rendered":"Disputas &#8211; Aishwarya Pavithram &#8211; 11. september"},"content":{"rendered":"<div class=\"wp-block-image\">\n<figure class=\"aligncenter size-full\"><a href=\"https:\/\/k2info.w.uib.no\/files\/2026\/08\/image-1.png\"><img loading=\"lazy\" decoding=\"async\" width=\"136\" height=\"134\" src=\"https:\/\/k2info.w.uib.no\/files\/2026\/08\/image-1.png\" alt=\"\" class=\"wp-image-28811\" srcset=\"https:\/\/k2info.w.uib.no\/files\/2026\/08\/image-1.png 136w, https:\/\/k2info.w.uib.no\/files\/2026\/08\/image-1-12x12.png 12w\" sizes=\"auto, (max-width: 136px) 100vw, 136px\" \/><\/a><\/figure>\n<\/div>\n\n\n<p class=\"has-text-align-center wp-block-paragraph\"><strong>DET MEDISINSKE FAKULTET<\/strong><\/p>\n\n\n\n<p class=\"has-text-align-center wp-block-paragraph\"><strong>UNIVERSITETET I BERGEN<\/strong><\/p>\n\n\n\n<p class=\"has-text-align-center wp-block-paragraph\">DISPUTAS \u2013 PH.D.-GRADEN<\/p>\n\n\n\n<p class=\"has-text-align-center wp-block-paragraph\"><strong>Aishwarya Pavithram<\/strong><\/p>\n\n\n\n<p class=\"has-text-align-center wp-block-paragraph\"><em>Kandidaten utg\u00e5r fra Klinisk institutt 2<\/em><\/p>\n\n\n\n<p class=\"has-text-align-center wp-block-paragraph\"><em>Hovedveileder: Professor P\u00e5l Rasmus Nj\u00f8lstad<br>Medveiledere: Senioringeni\u00f8r Bente Johansson, senioringeni\u00f8r Janne Molnes og professor J\u00f8rn Vegard Sagen<\/em><\/p>\n\n\n\n<!--more-->\n\n\n\n<p class=\"has-text-align-center wp-block-paragraph\"><strong>Pr\u00f8veforelesning:&nbsp;&nbsp;&nbsp;&nbsp;&nbsp; Torsdag 17. september 2026 kl. 10.15<\/strong><\/p>\n\n\n\n<p class=\"has-text-align-center wp-block-paragraph\">Sted:\u00a0 Auditorium 4, BB-bygget, Jonas Lies vei 91<\/p>\n\n\n\n<p class=\"has-text-align-center wp-block-paragraph\">Oppgitt emne: &nbsp;&nbsp;&nbsp;&nbsp;&nbsp;&nbsp;&nbsp;&nbsp;&nbsp;&nbsp;&nbsp;&nbsp;&nbsp;&nbsp; \u00abVariants of uncertain significance in transcription factor-related monogenic diabetes: Future perspectives for optimization, automation and implementation of functional testing in routine diagnostics.\u00bb<\/p>\n\n\n\n<p class=\"has-text-align-center wp-block-paragraph\"><strong>Disputas:\u00a0 Torsdag 17. september 2026 kl. 12.15<\/strong><\/p>\n\n\n\n<p class=\"has-text-align-center wp-block-paragraph\">Sted:\u00a0 Auditorium 4, BB-bygget, Jonas Lies vei 91<\/p>\n\n\n\n<p class=\"has-text-align-center wp-block-paragraph\">Avhandlingens tittel:\u00a0\u00a0 \u201cAdvancing precision diagnostics in HNF1B MODY through functional analyses and variant interpretation\u201d<\/p>\n\n\n\n<p class=\"has-text-align-center wp-block-paragraph\">1. opponent: \u00a0F\u00f8rsteamanuensis Marcel den Hoed, Uppsala Universitet, Sverige<\/p>\n\n\n\n<p class=\"has-text-align-center wp-block-paragraph\">2. opponent:\u00a0Klinisk f\u00f8rsteamanuensis Julie St\u00f8y, Aarhus Universitet, Danmark<\/p>\n\n\n\n<p class=\"has-text-align-center wp-block-paragraph\">3. medlem av komiteen: Professor Stian Knappskog, Universitetet i Bergen<\/p>\n\n\n\n<p class=\"has-text-align-center wp-block-paragraph\">Disputasen blir ledet av forsker Luiza Ghila.<\/p>\n\n\n\n<p class=\"has-text-align-center wp-block-paragraph\">\u00c5pent for alle interesserte<\/p>\n\n\n\n<p class=\"has-text-align-center wp-block-paragraph\"><\/p>\n\n\n\n<p class=\"has-text-align-center wp-block-paragraph\">Lenke: <a href=\"https:\/\/www.uib.no\/nye-doktorgrader\/183591\/funksjonelle-proteinanalyser-kan-bidra-til-bedre-diagnostikk\">https:\/\/www.uib.no\/nye-doktorgrader\/183591\/funksjonelle-proteinanalyser-kan-bidra-til-bedre-diagnostikk<\/a><\/p>\n","protected":false},"excerpt":{"rendered":"<p>DET MEDISINSKE FAKULTET UNIVERSITETET I BERGEN DISPUTAS \u2013 PH.D.-GRADEN Aishwarya Pavithram Kandidaten utg\u00e5r fra Klinisk institutt 2 Hovedveileder: Professor P\u00e5l Rasmus Nj\u00f8lstadMedveiledere: Senioringeni\u00f8r Bente Johansson, senioringeni\u00f8r Janne Molnes og professor J\u00f8rn Vegard Sagen<\/p>\n<p class=\"more-link-p\"><a class=\"more-link\" href=\"https:\/\/k2info.w.uib.no\/nb_no\/2026\/09\/03\/disputas-aishwarya-pavithram-11-september\/\">Read more &rarr;<\/a><\/p>\n","protected":false},"author":5627,"featured_media":28992,"comment_status":"open","ping_status":"open","sticky":false,"template":"","format":"standard","meta":{"footnotes":""},"categories":[44],"tags":[],"class_list":["post-28991","post","type-post","status-publish","format-standard","has-post-thumbnail","hentry","category-nyheter"],"_links":{"self":[{"href":"https:\/\/k2info.w.uib.no\/nb_no\/wp-json\/wp\/v2\/posts\/28991","targetHints":{"allow":["GET"]}}],"collection":[{"href":"https:\/\/k2info.w.uib.no\/nb_no\/wp-json\/wp\/v2\/posts"}],"about":[{"href":"https:\/\/k2info.w.uib.no\/nb_no\/wp-json\/wp\/v2\/types\/post"}],"author":[{"embeddable":true,"href":"https:\/\/k2info.w.uib.no\/nb_no\/wp-json\/wp\/v2\/users\/5627"}],"replies":[{"embeddable":true,"href":"https:\/\/k2info.w.uib.no\/nb_no\/wp-json\/wp\/v2\/comments?post=28991"}],"version-history":[{"count":10,"href":"https:\/\/k2info.w.uib.no\/nb_no\/wp-json\/wp\/v2\/posts\/28991\/revisions"}],"predecessor-version":[{"id":29004,"href":"https:\/\/k2info.w.uib.no\/nb_no\/wp-json\/wp\/v2\/posts\/28991\/revisions\/29004"}],"wp:featuredmedia":[{"embeddable":true,"href":"https:\/\/k2info.w.uib.no\/nb_no\/wp-json\/wp\/v2\/media\/28992"}],"wp:attachment":[{"href":"https:\/\/k2info.w.uib.no\/nb_no\/wp-json\/wp\/v2\/media?parent=28991"}],"wp:term":[{"taxonomy":"category","embeddable":true,"href":"https:\/\/k2info.w.uib.no\/nb_no\/wp-json\/wp\/v2\/categories?post=28991"},{"taxonomy":"post_tag","embeddable":true,"href":"https:\/\/k2info.w.uib.no\/nb_no\/wp-json\/wp\/v2\/tags?post=28991"}],"curies":[{"name":"wp","href":"https:\/\/api.w.org\/{rel}","templated":true}]}}