{"id":28925,"date":"2026-08-31T08:30:00","date_gmt":"2026-08-31T07:30:00","guid":{"rendered":"https:\/\/k2info.w.uib.no\/?p=28925"},"modified":"2026-08-31T08:47:54","modified_gmt":"2026-08-31T07:47:54","slug":"invitasjon-fra-vis-tilt-expose","status":"publish","type":"post","link":"https:\/\/k2info.w.uib.no\/nb_no\/2026\/08\/31\/invitasjon-fra-vis-tilt-expose\/","title":{"rendered":"Invitasjon fra VIS: TILT Expose"},"content":{"rendered":"\n<p class=\"wp-block-paragraph\">I forkant av rekrutteringen til h\u00f8stens TILT Expose-program inviterer VIS til en \u00e9n-times informasjonssamling p\u00e5 campus. Her f\u00e5r deltakerne en kort introduksjon til TILT-programmet, forskningsbasert innovasjon generelt og hvordan VIS kan st\u00f8tte forskere i \u00e5 utforske potensialet i egne forskningsresultater. Samlingen gir en smakebit p\u00e5 arbeidsformen i programmet og mulighet til \u00e5 stille sp\u00f8rsm\u00e5l f\u00f8r man eventuelt s\u00f8ker. TILT Expose g\u00e5r over \u00e5tte onsdager fra 14. oktober til 9. desember 2026, med s\u00f8knadsfrist 27. september.<\/p>\n\n\n\n<!--more-->\n\n\n\n<p class=\"wp-block-paragraph\">Tid: Tirsdag 8. september kl. 13.30<br>Sted: Eitri Nucleus<\/p>\n\n\n\n<p class=\"wp-block-paragraph\">M\u00e5lgruppe:<\/p>\n\n\n\n<p class=\"wp-block-paragraph\">Forskere, postdoktorer, ph.d.-kandidater og andre vitenskapelig ansatte som er nysgjerrige p\u00e5 innovasjon og entrepren\u00f8rskap. Ingen tidligere erfaring er n\u00f8dvendig. Informasjonssamlingen passer s\u00e6rlig for dem som vurderer \u00e5 s\u00f8ke TILT Expose og \u00f8nsker \u00e5 bli bedre kjent med programmet f\u00f8r de bestemmer seg.<\/p>\n\n\n\n<p class=\"wp-block-paragraph\"> Les mer om programmet p\u00e5: <a href=\"https:\/\/www.visinnovasjon.no\/tilt-rep-autumn-2026?utm_source=chatgpt.com\">https:\/\/www.visinnovasjon.no\/tilt-rep-autumn-2026<\/a><\/p>\n","protected":false},"excerpt":{"rendered":"<p>I forkant av rekrutteringen til h\u00f8stens TILT Expose-program inviterer VIS til en \u00e9n-times informasjonssamling p\u00e5 campus. Her f\u00e5r deltakerne en kort introduksjon til TILT-programmet, forskningsbasert innovasjon generelt og hvordan VIS kan st\u00f8tte forskere i \u00e5 utforske potensialet i egne forskningsresultater.&hellip;<\/p>\n<p class=\"more-link-p\"><a class=\"more-link\" href=\"https:\/\/k2info.w.uib.no\/nb_no\/2026\/08\/31\/invitasjon-fra-vis-tilt-expose\/\">Read more &rarr;<\/a><\/p>\n","protected":false},"author":5627,"featured_media":0,"comment_status":"open","ping_status":"open","sticky":false,"template":"","format":"standard","meta":{"footnotes":""},"categories":[44],"tags":[],"class_list":["post-28925","post","type-post","status-publish","format-standard","hentry","category-nyheter"],"_links":{"self":[{"href":"https:\/\/k2info.w.uib.no\/nb_no\/wp-json\/wp\/v2\/posts\/28925","targetHints":{"allow":["GET"]}}],"collection":[{"href":"https:\/\/k2info.w.uib.no\/nb_no\/wp-json\/wp\/v2\/posts"}],"about":[{"href":"https:\/\/k2info.w.uib.no\/nb_no\/wp-json\/wp\/v2\/types\/post"}],"author":[{"embeddable":true,"href":"https:\/\/k2info.w.uib.no\/nb_no\/wp-json\/wp\/v2\/users\/5627"}],"replies":[{"embeddable":true,"href":"https:\/\/k2info.w.uib.no\/nb_no\/wp-json\/wp\/v2\/comments?post=28925"}],"version-history":[{"count":2,"href":"https:\/\/k2info.w.uib.no\/nb_no\/wp-json\/wp\/v2\/posts\/28925\/revisions"}],"predecessor-version":[{"id":28927,"href":"https:\/\/k2info.w.uib.no\/nb_no\/wp-json\/wp\/v2\/posts\/28925\/revisions\/28927"}],"wp:attachment":[{"href":"https:\/\/k2info.w.uib.no\/nb_no\/wp-json\/wp\/v2\/media?parent=28925"}],"wp:term":[{"taxonomy":"category","embeddable":true,"href":"https:\/\/k2info.w.uib.no\/nb_no\/wp-json\/wp\/v2\/categories?post=28925"},{"taxonomy":"post_tag","embeddable":true,"href":"https:\/\/k2info.w.uib.no\/nb_no\/wp-json\/wp\/v2\/tags?post=28925"}],"curies":[{"name":"wp","href":"https:\/\/api.w.org\/{rel}","templated":true}]}}