{"id":28923,"date":"2026-08-31T09:00:00","date_gmt":"2026-08-31T08:00:00","guid":{"rendered":"https:\/\/k2info.w.uib.no\/?p=28923"},"modified":"2026-08-31T13:13:04","modified_gmt":"2026-08-31T12:13:04","slug":"ukens-leder-kurt-hanevik-4","status":"publish","type":"post","link":"https:\/\/k2info.w.uib.no\/nb_no\/2026\/08\/31\/ukens-leder-kurt-hanevik-4\/","title":{"rendered":"Ukens leder &#8211; Kurt Hanevik"},"content":{"rendered":"\n<div class=\"wp-block-media-text is-stacked-on-mobile\"><figure class=\"wp-block-media-text__media\"><a href=\"https:\/\/k2info.w.uib.no\/files\/2026\/05\/Kurt-Hanevik.jpg\"><img loading=\"lazy\" decoding=\"async\" width=\"796\" height=\"1024\" src=\"https:\/\/k2info.w.uib.no\/files\/2026\/05\/Kurt-Hanevik-796x1024.jpg\" alt=\"\" class=\"wp-image-28450 size-full\" srcset=\"https:\/\/k2info.w.uib.no\/files\/2026\/05\/Kurt-Hanevik-796x1024.jpg 796w, https:\/\/k2info.w.uib.no\/files\/2026\/05\/Kurt-Hanevik-233x300.jpg 233w, https:\/\/k2info.w.uib.no\/files\/2026\/05\/Kurt-Hanevik-768x989.jpg 768w, https:\/\/k2info.w.uib.no\/files\/2026\/05\/Kurt-Hanevik-1193x1536.jpg 1193w, https:\/\/k2info.w.uib.no\/files\/2026\/05\/Kurt-Hanevik-1591x2048.jpg 1591w, https:\/\/k2info.w.uib.no\/files\/2026\/05\/Kurt-Hanevik-9x12.jpg 9w, https:\/\/k2info.w.uib.no\/files\/2026\/05\/Kurt-Hanevik-450x579.jpg 450w, https:\/\/k2info.w.uib.no\/files\/2026\/05\/Kurt-Hanevik-300x386.jpg 300w, https:\/\/k2info.w.uib.no\/files\/2026\/05\/Kurt-Hanevik.jpg 1619w\" sizes=\"auto, (max-width: 796px) 100vw, 796px\" \/><\/a><\/figure><div class=\"wp-block-media-text__content\">\n<p class=\"wp-block-paragraph\">K2-nytt utsending ble utsatt til i dag i forbindelse med Kong Haralds V sin bortgang. V\u00e5re tanker g\u00e5r til kongefamilien og de n\u00e6rmeste.<\/p>\n\n\n\n<p class=\"wp-block-paragraph\">P\u00e5 onsdag forrige uke hadde instituttledelsen m\u00f8te med \u00f8konomi arbeidsgruppen nedsatt av dekan og v\u00e5r instituttleder i samr\u00e5d. Denne skal foreta en gjennomgang av K2 sin \u00f8konomiske situasjon og gi oss et utenfra-blikk p\u00e5 situasjonen. Sentralt i vurderingene er muligheter for \u00e5 f\u00e5 instituttets \u00f8konomi i balanse p\u00e5 kort og mellomlang sikt, bedre organisatoriske forhold og opprettholdelse av balansen mellom forskning og utdanning.<\/p>\n\n\n\n<p class=\"wp-block-paragraph\">Det var et godt m\u00f8te der vi var innom alle sentrale tema som styrer \u00f8konomien v\u00e5r; overf\u00f8ringer basert p\u00e5 utdanningene vi bidrar til,&nbsp; gjennomf\u00f8ring av PhD-grader, stillingsbehov for \u00e5 gjennomf\u00f8re en god desentralisert medisinerutdannelse og avklaringer om stillingsfordelinger i og etter omleggingsfasen med Vestlandslegen.&nbsp;<\/p>\n\n\n\n<p class=\"wp-block-paragraph\">Vi var ogs\u00e5 innom vridingen i finansieringsmuligheter fra lab-forskning til mer klinisk rettede studier de siste ti\u00e5rene og n\u00f8dvendigheten av \u00e5 ta med teknikerfrikj\u00f8p i s\u00f8knader om eksterne midler. Mulighet for erstatning av n\u00f8kkelroller og faggrupper er viktig for instituttet, med tanke p\u00e5 forskningsmilj\u00f8er og undervisningsmengde.<\/p>\n\n\n\n<p class=\"wp-block-paragraph\"><\/p>\n<\/div><\/div>\n\n\n\n<p class=\"wp-block-paragraph\">Kjernefasilitetene var selvsagt ogs\u00e5 tema. Her venter vi ogs\u00e5 p\u00e5 resultater av gjennomgang fra fakultetsniv\u00e5et.\u00a0 Vi er spent p\u00e5 arbeidsgruppens rapport og r\u00e5d. Den antas \u00e5 komme i september. <\/p>\n\n\n\n<p class=\"wp-block-paragraph\">I ledelsen har vi ogs\u00e5 diskutert behovet for bedre struktur p\u00e5 tilganger og PC\u2019er. Dette vil vi se p\u00e5 i h\u00f8st.\u00a0 Mange har n\u00e5 gjesteforsker tilgang for \u00e5 kunne benytte spesifikke funksjoner i UiB systemet. Her er det behov for et bedre system. Vi trenger ogs\u00e5 en rutine for avslutning av tilganger og avklientifisering av PCer n\u00e5r stipendiater og forskere slutter ved instituttet.<\/p>\n\n\n\n<p class=\"wp-block-paragraph\">\u00d8nsker alle en god uke<\/p>\n\n\n\n<p class=\"wp-block-paragraph\"><\/p>\n","protected":false},"excerpt":{"rendered":"<p>K2-nytt utsending ble utsatt til i dag i forbindelse med Kong Haralds V sin bortgang. V\u00e5re tanker g\u00e5r til kongefamilien og de n\u00e6rmeste.<\/p>\n<p>P\u00e5 onsdag forrige uke hadde instituttledelsen m\u00f8te med \u00f8konomi arbeidsgruppen nedsatt av dekan og v\u00e5r instituttleder i samr\u00e5d. Denne skal foreta en gjennomgang av K2 sin \u00f8konomiske situasjon og gi oss et utenfra-blikk p\u00e5 situasjonen. Sentralt i vurderingene er muligheter for \u00e5 f\u00e5 instituttets \u00f8konomi i balanse p\u00e5 kort og mellomlang sikt, bedre organisatoriske forhold og opprettholdelse av balansen mellom forskning og utdanning.<\/p>\n<p>Det var et godt m\u00f8te der vi var innom alle sentrale tema som styrer \u00f8konomien v\u00e5r; overf\u00f8ringer basert p\u00e5 utdanningene vi bidrar til,\u00a0 gjennomf\u00f8ring av PhD-grader, stillingsbehov for \u00e5 gjennomf\u00f8re en god desentralisert medisinerutdannelse og avklaringer om stillingsfordelinger i og etter omleggingsfasen med Vestlandslegen.\u00a0<\/p>\n<p>Vi var ogs\u00e5 innom vridingen i finansieringsmuligheter fra lab-forskning til mer klinisk rettede studier de siste ti\u00e5rene og n\u00f8dvendigheten av \u00e5 ta med teknikerfrikj\u00f8p i s\u00f8knader om eksterne midler. Mulighet for erstatning av n\u00f8kkelroller og faggrupper er viktig for instituttet, med tanke p\u00e5 forskningsmilj\u00f8er og undervisningsmengde.<\/p>\n<p>Kjernefasilitetene var selvsagt ogs\u00e5 tema. Her venter vi ogs\u00e5 p\u00e5 resultater av gjennomgang fra fakultetsniv\u00e5et.\u00a0 Vi er spent p\u00e5 arbeidsgruppens rapport og r\u00e5d. Den antas \u00e5 komme i september. <\/p>\n<p>I ledelsen har vi ogs\u00e5 diskutert behovet for bedre struktur p\u00e5 tilganger og PC\u2019er. Dette vil vi se p\u00e5 i h\u00f8st.\u00a0 Mange har n\u00e5 gjesteforsker tilgang for \u00e5 kunne benytte spesifikke funksjoner i UiB systemet. Her er det behov for et bedre system. Vi trenger ogs\u00e5 en rutine for avslutning av tilganger og avklientifisering av PCer n\u00e5r stipendiater og forskere slutter ved instituttet.<\/p>\n<p>\u00d8nsker alle en god uke!<\/p>\n<p class=\"more-link-p\"><a class=\"more-link\" href=\"https:\/\/k2info.w.uib.no\/nb_no\/2026\/08\/31\/ukens-leder-kurt-hanevik-4\/\">Read more &rarr;<\/a><\/p>\n","protected":false},"author":5627,"featured_media":28450,"comment_status":"open","ping_status":"open","sticky":false,"template":"","format":"standard","meta":{"footnotes":""},"categories":[39969],"tags":[],"class_list":["post-28923","post","type-post","status-publish","format-standard","has-post-thumbnail","hentry","category-ukens-leder"],"_links":{"self":[{"href":"https:\/\/k2info.w.uib.no\/nb_no\/wp-json\/wp\/v2\/posts\/28923","targetHints":{"allow":["GET"]}}],"collection":[{"href":"https:\/\/k2info.w.uib.no\/nb_no\/wp-json\/wp\/v2\/posts"}],"about":[{"href":"https:\/\/k2info.w.uib.no\/nb_no\/wp-json\/wp\/v2\/types\/post"}],"author":[{"embeddable":true,"href":"https:\/\/k2info.w.uib.no\/nb_no\/wp-json\/wp\/v2\/users\/5627"}],"replies":[{"embeddable":true,"href":"https:\/\/k2info.w.uib.no\/nb_no\/wp-json\/wp\/v2\/comments?post=28923"}],"version-history":[{"count":5,"href":"https:\/\/k2info.w.uib.no\/nb_no\/wp-json\/wp\/v2\/posts\/28923\/revisions"}],"predecessor-version":[{"id":28973,"href":"https:\/\/k2info.w.uib.no\/nb_no\/wp-json\/wp\/v2\/posts\/28923\/revisions\/28973"}],"wp:featuredmedia":[{"embeddable":true,"href":"https:\/\/k2info.w.uib.no\/nb_no\/wp-json\/wp\/v2\/media\/28450"}],"wp:attachment":[{"href":"https:\/\/k2info.w.uib.no\/nb_no\/wp-json\/wp\/v2\/media?parent=28923"}],"wp:term":[{"taxonomy":"category","embeddable":true,"href":"https:\/\/k2info.w.uib.no\/nb_no\/wp-json\/wp\/v2\/categories?post=28923"},{"taxonomy":"post_tag","embeddable":true,"href":"https:\/\/k2info.w.uib.no\/nb_no\/wp-json\/wp\/v2\/tags?post=28923"}],"curies":[{"name":"wp","href":"https:\/\/api.w.org\/{rel}","templated":true}]}}