{"id":28003,"date":"2026-03-20T08:26:07","date_gmt":"2026-03-20T07:26:07","guid":{"rendered":"https:\/\/k2info.w.uib.no\/?p=28003"},"modified":"2026-03-20T08:26:07","modified_gmt":"2026-03-20T07:26:07","slug":"ukens-leder-silke-appel-9","status":"publish","type":"post","link":"https:\/\/k2info.w.uib.no\/nb_no\/2026\/03\/20\/ukens-leder-silke-appel-9\/","title":{"rendered":"Ukens leder &#8211; Silke Appel"},"content":{"rendered":"<div class=\"wp-block-image\">\n<figure class=\"alignleft size-full is-resized\"><a href=\"https:\/\/k2info.w.uib.no\/files\/2026\/03\/Silke-Apell-instituttleder.jpg\"><img loading=\"lazy\" decoding=\"async\" width=\"420\" height=\"525\" src=\"https:\/\/k2info.w.uib.no\/files\/2026\/03\/Silke-Apell-instituttleder.jpg\" alt=\"\" class=\"wp-image-28004\" style=\"width:215px;height:auto\" srcset=\"https:\/\/k2info.w.uib.no\/files\/2026\/03\/Silke-Apell-instituttleder.jpg 420w, https:\/\/k2info.w.uib.no\/files\/2026\/03\/Silke-Apell-instituttleder-240x300.jpg 240w, https:\/\/k2info.w.uib.no\/files\/2026\/03\/Silke-Apell-instituttleder-10x12.jpg 10w, https:\/\/k2info.w.uib.no\/files\/2026\/03\/Silke-Apell-instituttleder-300x375.jpg 300w\" sizes=\"auto, (max-width: 420px) 100vw, 420px\" \/><\/a><\/figure>\n<\/div>\n\n\n<p>Kj\u00e6re alle sammen,<\/p>\n\n\n\n<p>Jeg er veldig glad for \u00e5 kunne \u00f8nske Nina Langeland velkommen som nestleder i ledergruppen ved K2. Nina var Norges f\u00f8rste kvinnelige dekan ved et medisinsk fakultet (2009-2017) og er godt vant med \u00e5 st\u00e5 i stormen. Hennes erfaring med \u00e5 h\u00e5ndtere en krevende \u00f8konomi, kombinert med hennes gode kjennskap og forst\u00e5else for universitetet og sykehusene, vil v\u00e6re til stor hjelp for K2 i arbeidet med \u00e5 komme i \u00f8konomisk balanse.<\/p>\n\n\n\n<p>Det blir ogs\u00e5 snart enda flere endringer i ledergruppen, ettersom v\u00e5r administrasjonssjef Mia Holmaas snart g\u00e5r av med pensjon. Hennes siste dag p\u00e5 kontoret blir 6.mai. Selv om vi ikke rekker \u00e5 f\u00e5 ansatt en ny administrasjonssjef f\u00f8r den tid, er vi sv\u00e6rt glade for at Eirik Thorsheim fra Institutt for Informatikk vil bli konstituert administrasjonssjef fra 1.mai. Sammen skal vi klare \u00e5 ha god administrativ st\u00f8tte ogs\u00e5 fremover.<\/p>\n\n\n\n<p>Ha en riktig god helg!<\/p>\n\n\n\n<p>Silke<\/p>\n","protected":false},"excerpt":{"rendered":"<p>Kj\u00e6re alle sammen,<\/p>\n<p>Jeg er veldig glad for \u00e5 kunne \u00f8nske Nina Langeland velkommen som nestleder i ledergruppen ved K2. Nina var Norges f\u00f8rste kvinnelige dekan ved et medisinsk fakultet (2009-2017) og er godt vant med \u00e5 st\u00e5 i stormen. Hennes erfaring med \u00e5 h\u00e5ndtere en krevende \u00f8konomi, kombinert med hennes gode kjennskap og forst\u00e5else for universitetet og sykehusene, vil v\u00e6re til stor hjelp for K2 i arbeidet med \u00e5 komme i \u00f8konomisk balanse.<\/p>\n<p>Det blir ogs\u00e5 snart enda flere endringer i ledergruppen, ettersom v\u00e5r administrasjonssjef Mia Holmaas snart g\u00e5r av med pensjon. Hennes siste dag p\u00e5 kontoret blir 6.mai. Selv om vi ikke rekker \u00e5 f\u00e5 ansatt en ny administrasjonssjef f\u00f8r den tid, er vi sv\u00e6rt glade for at Eirik Thorsheim fra Institutt for Informatikk vil bli konstituert administrasjonssjef fra 1.mai. Sammen skal vi klare \u00e5 ha god administrativ st\u00f8tte ogs\u00e5 fremover.<\/p>\n<p>Ha en riktig god helg!<\/p>\n<p>Silke<\/p>\n<p class=\"more-link-p\"><a class=\"more-link\" href=\"https:\/\/k2info.w.uib.no\/nb_no\/2026\/03\/20\/ukens-leder-silke-appel-9\/\">Read more &rarr;<\/a><\/p>\n","protected":false},"author":5375,"featured_media":28004,"comment_status":"open","ping_status":"open","sticky":false,"template":"","format":"standard","meta":{"footnotes":""},"categories":[44,39969],"tags":[],"class_list":["post-28003","post","type-post","status-publish","format-standard","has-post-thumbnail","hentry","category-nyheter","category-ukens-leder"],"_links":{"self":[{"href":"https:\/\/k2info.w.uib.no\/nb_no\/wp-json\/wp\/v2\/posts\/28003","targetHints":{"allow":["GET"]}}],"collection":[{"href":"https:\/\/k2info.w.uib.no\/nb_no\/wp-json\/wp\/v2\/posts"}],"about":[{"href":"https:\/\/k2info.w.uib.no\/nb_no\/wp-json\/wp\/v2\/types\/post"}],"author":[{"embeddable":true,"href":"https:\/\/k2info.w.uib.no\/nb_no\/wp-json\/wp\/v2\/users\/5375"}],"replies":[{"embeddable":true,"href":"https:\/\/k2info.w.uib.no\/nb_no\/wp-json\/wp\/v2\/comments?post=28003"}],"version-history":[{"count":3,"href":"https:\/\/k2info.w.uib.no\/nb_no\/wp-json\/wp\/v2\/posts\/28003\/revisions"}],"predecessor-version":[{"id":28012,"href":"https:\/\/k2info.w.uib.no\/nb_no\/wp-json\/wp\/v2\/posts\/28003\/revisions\/28012"}],"wp:featuredmedia":[{"embeddable":true,"href":"https:\/\/k2info.w.uib.no\/nb_no\/wp-json\/wp\/v2\/media\/28004"}],"wp:attachment":[{"href":"https:\/\/k2info.w.uib.no\/nb_no\/wp-json\/wp\/v2\/media?parent=28003"}],"wp:term":[{"taxonomy":"category","embeddable":true,"href":"https:\/\/k2info.w.uib.no\/nb_no\/wp-json\/wp\/v2\/categories?post=28003"},{"taxonomy":"post_tag","embeddable":true,"href":"https:\/\/k2info.w.uib.no\/nb_no\/wp-json\/wp\/v2\/tags?post=28003"}],"curies":[{"name":"wp","href":"https:\/\/api.w.org\/{rel}","templated":true}]}}