{"id":27342,"date":"2026-01-09T07:47:28","date_gmt":"2026-01-09T06:47:28","guid":{"rendered":"https:\/\/k2info.w.uib.no\/?p=27342"},"modified":"2026-01-09T07:47:28","modified_gmt":"2026-01-09T06:47:28","slug":"ukens-leder-silke-appel-6","status":"publish","type":"post","link":"https:\/\/k2info.w.uib.no\/nb_no\/2026\/01\/09\/ukens-leder-silke-appel-6\/","title":{"rendered":"Ukens leder &#8211; Silke Appel"},"content":{"rendered":"\n<figure class=\"wp-block-image size-full is-resized\"><a href=\"https:\/\/k2info.w.uib.no\/files\/2025\/12\/Silke-Apell-instituttleder.jpg\"><img loading=\"lazy\" decoding=\"async\" width=\"420\" height=\"525\" src=\"https:\/\/k2info.w.uib.no\/files\/2025\/12\/Silke-Apell-instituttleder.jpg\" alt=\"\" class=\"wp-image-27150\" style=\"width:247px;height:auto\" srcset=\"https:\/\/k2info.w.uib.no\/files\/2025\/12\/Silke-Apell-instituttleder.jpg 420w, https:\/\/k2info.w.uib.no\/files\/2025\/12\/Silke-Apell-instituttleder-240x300.jpg 240w, https:\/\/k2info.w.uib.no\/files\/2025\/12\/Silke-Apell-instituttleder-10x12.jpg 10w, https:\/\/k2info.w.uib.no\/files\/2025\/12\/Silke-Apell-instituttleder-300x375.jpg 300w\" sizes=\"auto, (max-width: 420px) 100vw, 420px\" \/><\/a><\/figure>\n\n\n\n<p>Kj\u00e6re alle sammen,<\/p>\n\n\n\n<p>Godt nytt \u00e5r! Jeg h\u00e5per alle har hatt noen rolige dager i juletiden og har begynt 2026 med ny energi.<\/p>\n\n\n\n<p>2026 vil bringe en del forandringer, blant annet skal \u00f8konomene fra fakultetet flytte til \u00abstipendiatkontoret\u00bb 8. etasje labbygget og samlokaliseres med \u00abv\u00e5re\u00bb \u00f8konomer (som ogs\u00e5 er ansatt p\u00e5 fakultetet). Dette medf\u00f8rer en del flytting av kontorplasser for stipendiater og postdocs, jeg beklager de ulempene dette medf\u00f8rer for de ber\u00f8rte. F\u00f8r \u00f8konomene kan flytte inn kreves det noen ombygging, men jeg h\u00e5per at det ikke tar altfor lang tid.<\/p>\n\n\n\n<p>La meg ogs\u00e5 bruke lederen til \u00e5 gratulere professor Edvin Schei fra IGS med sin prosjektgruppe PROFMED (Medisinstudenters profesjonelle identitetsdannelse under praksis p\u00e5 sykehus) som fikk tildelt Helse Vest sin utdanningspris i g\u00e5r kveld p\u00e5 Helse Vests utdanningskonferansen. PROFMED har som m\u00e5l \u00e5 forbedre medisinstudenters l\u00e6ring under sykehuspraksis, og st\u00f8tte utviklingen av en profesjonell legeidentitet ved \u00e5: 1) systematisk forberede studentene p\u00e5 deltakelse i arbeidslivet, og 2) utdanne sykehuslegene som samhandler med studentene.<\/p>\n\n\n\n<p>Prosjektet har v\u00e6rt veldig vellykket, og anvendelsen av kunnskapen fra det kommer til \u00e5 ha stor effekt p\u00e5 vellykket gjennomf\u00f8ring av praksisen med mange flere studenter enn f\u00f8r.<\/p>\n\n\n\n<p>Ha en riktig god helg!<\/p>\n\n\n\n<p>Silke<\/p>\n","protected":false},"excerpt":{"rendered":"<p>Kj\u00e6re alle sammen,<\/p>\n<p>Godt nytt \u00e5r! Jeg h\u00e5per alle har hatt noen rolige dager i juletiden og har begynt 2026 med ny energi.<\/p>\n<p>2026 vil bringe en del forandringer, blant annet skal \u00f8konomene fra fakultetet flytte til \u00abstipendiatkontoret\u00bb 8. etasje labbygget og samlokaliseres med \u00abv\u00e5re\u00bb \u00f8konomer (som ogs\u00e5 er ansatt p\u00e5 fakultetet). Dette medf\u00f8rer en del flytting av kontorplasser for stipendiater og postdocs, jeg beklager de ulempene dette medf\u00f8rer for de ber\u00f8rte. F\u00f8r \u00f8konomene kan flytte inn kreves det noen ombygging, men jeg h\u00e5per at det ikke tar altfor lang tid.<\/p>\n<p>La meg ogs\u00e5 bruke lederen til \u00e5 gratulere professor Edvin Schei fra IGS med sin prosjektgruppe PROFMED (Medisinstudenters profesjonelle identitetsdannelse under praksis p\u00e5 sykehus) som fikk tildelt Helse Vest sin utdanningspris i g\u00e5r kveld p\u00e5 Helse Vests utdanningskonferansen. PROFMED har som m\u00e5l \u00e5 forbedre medisinstudenters l\u00e6ring under sykehuspraksis, og st\u00f8tte utviklingen av en profesjonell legeidentitet ved \u00e5: 1) systematisk forberede studentene p\u00e5 deltakelse i arbeidslivet, og 2) utdanne sykehuslegene som samhandler med studentene.<\/p>\n<p>Prosjektet har v\u00e6rt veldig vellykket, og anvendelsen av kunnskapen fra det kommer til \u00e5 ha stor effekt p\u00e5 vellykket gjennomf\u00f8ring av praksisen med mange flere studenter enn f\u00f8r.<\/p>\n<p>Ha en riktig god helg!<\/p>\n<p>Silke<\/p>\n<p class=\"more-link-p\"><a class=\"more-link\" href=\"https:\/\/k2info.w.uib.no\/nb_no\/2026\/01\/09\/ukens-leder-silke-appel-6\/\">Read more &rarr;<\/a><\/p>\n","protected":false},"author":5375,"featured_media":27150,"comment_status":"open","ping_status":"open","sticky":false,"template":"","format":"standard","meta":{"footnotes":""},"categories":[44,39969],"tags":[],"class_list":["post-27342","post","type-post","status-publish","format-standard","has-post-thumbnail","hentry","category-nyheter","category-ukens-leder"],"_links":{"self":[{"href":"https:\/\/k2info.w.uib.no\/nb_no\/wp-json\/wp\/v2\/posts\/27342","targetHints":{"allow":["GET"]}}],"collection":[{"href":"https:\/\/k2info.w.uib.no\/nb_no\/wp-json\/wp\/v2\/posts"}],"about":[{"href":"https:\/\/k2info.w.uib.no\/nb_no\/wp-json\/wp\/v2\/types\/post"}],"author":[{"embeddable":true,"href":"https:\/\/k2info.w.uib.no\/nb_no\/wp-json\/wp\/v2\/users\/5375"}],"replies":[{"embeddable":true,"href":"https:\/\/k2info.w.uib.no\/nb_no\/wp-json\/wp\/v2\/comments?post=27342"}],"version-history":[{"count":1,"href":"https:\/\/k2info.w.uib.no\/nb_no\/wp-json\/wp\/v2\/posts\/27342\/revisions"}],"predecessor-version":[{"id":27343,"href":"https:\/\/k2info.w.uib.no\/nb_no\/wp-json\/wp\/v2\/posts\/27342\/revisions\/27343"}],"wp:featuredmedia":[{"embeddable":true,"href":"https:\/\/k2info.w.uib.no\/nb_no\/wp-json\/wp\/v2\/media\/27150"}],"wp:attachment":[{"href":"https:\/\/k2info.w.uib.no\/nb_no\/wp-json\/wp\/v2\/media?parent=27342"}],"wp:term":[{"taxonomy":"category","embeddable":true,"href":"https:\/\/k2info.w.uib.no\/nb_no\/wp-json\/wp\/v2\/categories?post=27342"},{"taxonomy":"post_tag","embeddable":true,"href":"https:\/\/k2info.w.uib.no\/nb_no\/wp-json\/wp\/v2\/tags?post=27342"}],"curies":[{"name":"wp","href":"https:\/\/api.w.org\/{rel}","templated":true}]}}