{"id":27281,"date":"2026-01-09T07:44:11","date_gmt":"2026-01-09T06:44:11","guid":{"rendered":"https:\/\/k2info.w.uib.no\/?p=27281"},"modified":"2026-01-09T07:44:11","modified_gmt":"2026-01-09T06:44:11","slug":"doktorpromosjon-30-01-2026","status":"publish","type":"post","link":"https:\/\/k2info.w.uib.no\/nb_no\/2026\/01\/09\/doktorpromosjon-30-01-2026\/","title":{"rendered":"Doktorpromosjon 30.01.2026"},"content":{"rendered":"\n<figure class=\"wp-block-image size-full\"><a href=\"https:\/\/k2info.w.uib.no\/files\/2026\/01\/image-1.png\"><img loading=\"lazy\" decoding=\"async\" width=\"1024\" height=\"683\" src=\"https:\/\/k2info.w.uib.no\/files\/2026\/01\/image-1.png\" alt=\"\" class=\"wp-image-27282\" srcset=\"https:\/\/k2info.w.uib.no\/files\/2026\/01\/image-1.png 1024w, https:\/\/k2info.w.uib.no\/files\/2026\/01\/image-1-300x200.png 300w, https:\/\/k2info.w.uib.no\/files\/2026\/01\/image-1-768x512.png 768w, https:\/\/k2info.w.uib.no\/files\/2026\/01\/image-1-18x12.png 18w, https:\/\/k2info.w.uib.no\/files\/2026\/01\/image-1-450x300.png 450w\" sizes=\"auto, (max-width: 1024px) 100vw, 1024px\" \/><\/a><\/figure>\n\n\n\n<p>Fredag 30. januar inviterer Universitetet i Bergen til \u00e5rets f\u00f8rste h\u00f8ytidelige doktorpromosjon. Seremonien markerer nye doktores som har disputert i perioden august til desember 2025.<\/p>\n\n\n\n<p>Alle kandidater blir presentert under promosjonen, ogs\u00e5 de som ikke har anledning til \u00e5 v\u00e6re fysisk til stede. Seremonien str\u00f8mmes direkte, slik at familie, venner og kolleger kan f\u00f8lge markeringen digitalt. Lenke til str\u00f8mming publiseres her n\u00e5r den er tilgjengelig.<\/p>\n\n\n\n<h3 class=\"wp-block-heading\">Program<\/h3>\n\n\n\n<ul class=\"wp-block-list\">\n<li>Fanfare: Emil Kristoffersen B\u00f8r\u00f8s <em>Promosjonsfanfare<\/em>, fremf\u00f8rt av studenter ved Griegakademiet<\/li>\n\n\n\n<li>Innmarsj: Akademisk prosesjon<\/li>\n\n\n\n<li>Tale ved rektor: Professor Margareth Hagen<\/li>\n\n\n\n<li>Musikalsk innslag<\/li>\n<\/ul>\n\n\n\n<p>Presentasjon av nye doktores <em>(rekkef\u00f8lgen kan bli endret)<\/em><\/p>\n\n\n\n<ul class=\"wp-block-list\">\n<li>Det medisinske fakultet \u2013 ved professor og dekan Marit Bakke<\/li>\n\n\n\n<li>Det humanistiske fakultet \u2013 ved professor og dekan Camilla Brautaset<\/li>\n\n\n\n<li>Det samfunnsvitenskapelige fakultet \u2013 ved professor og dekan Synn\u00f8ve K. N. Bendixsen<\/li>\n<\/ul>\n\n\n\n<ul class=\"wp-block-list\">\n<li>Musikalsk innslag<\/li>\n<\/ul>\n\n\n\n<ul class=\"wp-block-list\">\n<li>Fakultet for naturvitenskap og teknologi \u2013 ved professor og dekan Gunn Mangerud<\/li>\n\n\n\n<li>Fakultet for kunst, musikk og design \u2013 ved professor og dekan \u00c5sil B\u00f8thun<\/li>\n\n\n\n<li>Det psykologiske fakultet \u2013 ved professor og dekan Stine Lehmann<\/li>\n\n\n\n<li>Det juridiske fakultet \u2013 ved professor og dekan Sigrid Eskeland Sch\u00fctz<\/li>\n\n\n\n<li>Tale p\u00e5 vegne av de nye doctores<\/li>\n\n\n\n<li>Utmarsj: Akademisk prosesjon og mottakelse<\/li>\n<\/ul>\n\n\n\n<p>Seremonien ledes av viserektor Kristoffer Chelsom Vogt.<\/p>\n\n\n\n<p>Meld deg p\u00e5 her: <a href=\"https:\/\/www.uib.no\/universitetsaulaen\/180744\/doktorpromosjon-30012026\">https:\/\/www.uib.no\/universitetsaulaen\/180744\/doktorpromosjon-30012026<\/a><\/p>\n","protected":false},"excerpt":{"rendered":"<p>Fredag 30. januar inviterer Universitetet i Bergen til \u00e5rets f\u00f8rste h\u00f8ytidelige doktorpromosjon. Seremonien markerer nye doktores som har disputert i perioden august til desember 2025.<\/p>\n<p class=\"more-link-p\"><a class=\"more-link\" href=\"https:\/\/k2info.w.uib.no\/nb_no\/2026\/01\/09\/doktorpromosjon-30-01-2026\/\">Read more &rarr;<\/a><\/p>\n","protected":false},"author":5375,"featured_media":27282,"comment_status":"open","ping_status":"open","sticky":false,"template":"","format":"standard","meta":{"footnotes":""},"categories":[44,43439],"tags":[],"class_list":["post-27281","post","type-post","status-publish","format-standard","has-post-thumbnail","hentry","category-nyheter","category-ph-d"],"_links":{"self":[{"href":"https:\/\/k2info.w.uib.no\/nb_no\/wp-json\/wp\/v2\/posts\/27281","targetHints":{"allow":["GET"]}}],"collection":[{"href":"https:\/\/k2info.w.uib.no\/nb_no\/wp-json\/wp\/v2\/posts"}],"about":[{"href":"https:\/\/k2info.w.uib.no\/nb_no\/wp-json\/wp\/v2\/types\/post"}],"author":[{"embeddable":true,"href":"https:\/\/k2info.w.uib.no\/nb_no\/wp-json\/wp\/v2\/users\/5375"}],"replies":[{"embeddable":true,"href":"https:\/\/k2info.w.uib.no\/nb_no\/wp-json\/wp\/v2\/comments?post=27281"}],"version-history":[{"count":2,"href":"https:\/\/k2info.w.uib.no\/nb_no\/wp-json\/wp\/v2\/posts\/27281\/revisions"}],"predecessor-version":[{"id":27317,"href":"https:\/\/k2info.w.uib.no\/nb_no\/wp-json\/wp\/v2\/posts\/27281\/revisions\/27317"}],"wp:featuredmedia":[{"embeddable":true,"href":"https:\/\/k2info.w.uib.no\/nb_no\/wp-json\/wp\/v2\/media\/27282"}],"wp:attachment":[{"href":"https:\/\/k2info.w.uib.no\/nb_no\/wp-json\/wp\/v2\/media?parent=27281"}],"wp:term":[{"taxonomy":"category","embeddable":true,"href":"https:\/\/k2info.w.uib.no\/nb_no\/wp-json\/wp\/v2\/categories?post=27281"},{"taxonomy":"post_tag","embeddable":true,"href":"https:\/\/k2info.w.uib.no\/nb_no\/wp-json\/wp\/v2\/tags?post=27281"}],"curies":[{"name":"wp","href":"https:\/\/api.w.org\/{rel}","templated":true}]}}