{"id":26971,"date":"2025-11-21T09:06:47","date_gmt":"2025-11-21T08:06:47","guid":{"rendered":"https:\/\/k2info.w.uib.no\/?p=26971"},"modified":"2025-11-21T09:06:48","modified_gmt":"2025-11-21T08:06:48","slug":"studietur-til-campus-forde","status":"publish","type":"post","link":"https:\/\/k2info.w.uib.no\/nb_no\/2025\/11\/21\/studietur-til-campus-forde\/","title":{"rendered":"Studietur til campus F\u00f8rde"},"content":{"rendered":"\n<p>De to siste dagene i oktober 2025 ble det arrangert studietur til F\u00f8rde, for det f\u00f8rste kullet med medisinstudenter p\u00e5 campus Bergen\/F\u00f8rde. Her fikk de en smakebit av studiehverdagen som venter dem h\u00f8sten 2028, n\u00e5r de etter tre \u00e5r i Bergen skal ta de tre siste \u00e5rene av medisinstudiet i F\u00f8rde.<\/p>\n\n\n\n<figure class=\"wp-block-image size-large\"><a href=\"https:\/\/k2info.w.uib.no\/files\/2025\/11\/image-12.png\"><img loading=\"lazy\" decoding=\"async\" width=\"1024\" height=\"768\" src=\"https:\/\/k2info.w.uib.no\/files\/2025\/11\/image-12-1024x768.png\" alt=\"\" class=\"wp-image-26972\" srcset=\"https:\/\/k2info.w.uib.no\/files\/2025\/11\/image-12-1024x768.png 1024w, https:\/\/k2info.w.uib.no\/files\/2025\/11\/image-12-300x225.png 300w, https:\/\/k2info.w.uib.no\/files\/2025\/11\/image-12-768x576.png 768w, https:\/\/k2info.w.uib.no\/files\/2025\/11\/image-12-16x12.png 16w, https:\/\/k2info.w.uib.no\/files\/2025\/11\/image-12-450x338.png 450w, https:\/\/k2info.w.uib.no\/files\/2025\/11\/image-12.png 1260w\" sizes=\"auto, (max-width: 1024px) 100vw, 1024px\" \/><\/a><\/figure>\n\n\n\n<p>Les mer om turen her: <a href=\"https:\/\/www.uib.no\/vestlandslegen\/180353\/studietur-til-campus-f%C3%B8rde\">https:\/\/www.uib.no\/vestlandslegen\/180353\/studietur-til-campus-f%C3%B8rde<\/a><\/p>\n","protected":false},"excerpt":{"rendered":"<p>De to siste dagene i oktober 2025 ble det arrangert studietur til F\u00f8rde, for det f\u00f8rste kullet med medisinstudenter p\u00e5 campus Bergen\/F\u00f8rde. Her fikk de en smakebit av studiehverdagen som venter dem h\u00f8sten 2028, n\u00e5r de etter tre \u00e5r i&hellip;<\/p>\n<p class=\"more-link-p\"><a class=\"more-link\" href=\"https:\/\/k2info.w.uib.no\/nb_no\/2025\/11\/21\/studietur-til-campus-forde\/\">Read more &rarr;<\/a><\/p>\n","protected":false},"author":5375,"featured_media":26972,"comment_status":"open","ping_status":"open","sticky":false,"template":"","format":"standard","meta":{"footnotes":""},"categories":[201736,201668],"tags":[],"class_list":["post-26971","post","type-post","status-publish","format-standard","has-post-thumbnail","hentry","category-utdanning","category-vestlandslegen"],"_links":{"self":[{"href":"https:\/\/k2info.w.uib.no\/nb_no\/wp-json\/wp\/v2\/posts\/26971","targetHints":{"allow":["GET"]}}],"collection":[{"href":"https:\/\/k2info.w.uib.no\/nb_no\/wp-json\/wp\/v2\/posts"}],"about":[{"href":"https:\/\/k2info.w.uib.no\/nb_no\/wp-json\/wp\/v2\/types\/post"}],"author":[{"embeddable":true,"href":"https:\/\/k2info.w.uib.no\/nb_no\/wp-json\/wp\/v2\/users\/5375"}],"replies":[{"embeddable":true,"href":"https:\/\/k2info.w.uib.no\/nb_no\/wp-json\/wp\/v2\/comments?post=26971"}],"version-history":[{"count":1,"href":"https:\/\/k2info.w.uib.no\/nb_no\/wp-json\/wp\/v2\/posts\/26971\/revisions"}],"predecessor-version":[{"id":26973,"href":"https:\/\/k2info.w.uib.no\/nb_no\/wp-json\/wp\/v2\/posts\/26971\/revisions\/26973"}],"wp:featuredmedia":[{"embeddable":true,"href":"https:\/\/k2info.w.uib.no\/nb_no\/wp-json\/wp\/v2\/media\/26972"}],"wp:attachment":[{"href":"https:\/\/k2info.w.uib.no\/nb_no\/wp-json\/wp\/v2\/media?parent=26971"}],"wp:term":[{"taxonomy":"category","embeddable":true,"href":"https:\/\/k2info.w.uib.no\/nb_no\/wp-json\/wp\/v2\/categories?post=26971"},{"taxonomy":"post_tag","embeddable":true,"href":"https:\/\/k2info.w.uib.no\/nb_no\/wp-json\/wp\/v2\/tags?post=26971"}],"curies":[{"name":"wp","href":"https:\/\/api.w.org\/{rel}","templated":true}]}}