{"id":26938,"date":"2025-11-14T07:33:56","date_gmt":"2025-11-14T06:33:56","guid":{"rendered":"https:\/\/k2info.w.uib.no\/?p=26938"},"modified":"2025-11-14T07:33:57","modified_gmt":"2025-11-14T06:33:57","slug":"ukens-leder-kurt-hanevik","status":"publish","type":"post","link":"https:\/\/k2info.w.uib.no\/nb_no\/2025\/11\/14\/ukens-leder-kurt-hanevik\/","title":{"rendered":"Ukens leder | Kurt Hanevik"},"content":{"rendered":"<div class=\"wp-block-image\">\n<figure class=\"alignleft size-large is-resized\"><a href=\"https:\/\/k2info.w.uib.no\/files\/2025\/11\/Kurt-Hanevik.jpg\"><img loading=\"lazy\" decoding=\"async\" width=\"796\" height=\"1024\" src=\"https:\/\/k2info.w.uib.no\/files\/2025\/11\/Kurt-Hanevik-796x1024.jpg\" alt=\"\" class=\"wp-image-26939\" style=\"width:224px;height:auto\" srcset=\"https:\/\/k2info.w.uib.no\/files\/2025\/11\/Kurt-Hanevik-796x1024.jpg 796w, https:\/\/k2info.w.uib.no\/files\/2025\/11\/Kurt-Hanevik-233x300.jpg 233w, https:\/\/k2info.w.uib.no\/files\/2025\/11\/Kurt-Hanevik-768x989.jpg 768w, https:\/\/k2info.w.uib.no\/files\/2025\/11\/Kurt-Hanevik-1193x1536.jpg 1193w, https:\/\/k2info.w.uib.no\/files\/2025\/11\/Kurt-Hanevik-1591x2048.jpg 1591w, https:\/\/k2info.w.uib.no\/files\/2025\/11\/Kurt-Hanevik-9x12.jpg 9w, https:\/\/k2info.w.uib.no\/files\/2025\/11\/Kurt-Hanevik-450x579.jpg 450w, https:\/\/k2info.w.uib.no\/files\/2025\/11\/Kurt-Hanevik-300x386.jpg 300w, https:\/\/k2info.w.uib.no\/files\/2025\/11\/Kurt-Hanevik.jpg 1619w\" sizes=\"auto, (max-width: 796px) 100vw, 796px\" \/><\/a><\/figure>\n<\/div>\n\n\n<p><strong>Ansvar og system for personopplysninger p\u00e5 fakultetet<\/strong><\/p>\n\n\n\n<p><strong>RETTE<\/strong> er systemet som gir UiB oversikt over alle prosjekter der det behandles personopplysninger. Systemet skal ivareta v\u00e5r lovp\u00e5lagte plikt og blir enda viktigere med ny helseforskningslov der forskerens personlige ansvar begrenses, mens forskningsinstitusjoner f\u00e5r ansvaret (systemansvar) for helseforskningen.<\/p>\n\n\n\n<p>Fakultetet har kommet med forslag til rutiner som skal bidra til at forskningen f\u00f8lger gjeldende lover, etiske retningslinjer og f\u00f8lge opp UiBs ansvar som forskningsansvarlig institusjon. Denne oppf\u00f8lgingen vil foreg\u00e5 i <strong>RETTE<\/strong> systemet og ansvaret vil legges til instituttniv\u00e5et siden det er der forskningen skjer. Instituttleder blir dermed ansvarlig for god gjennomf\u00f8ring av dette.<\/p>\n\n\n\n<p>F\u00f8lgende tiltak skal bidra til \u00e5 ivareta dette ansvaret:<\/p>\n\n\n\n<ul class=\"wp-block-list\">\n<li><strong>Instituttet oppnevner to RETTE-kontakter<\/strong> som f\u00e5r oppl\u00e6ring i teknisk bruk og regelverk<\/li>\n\n\n\n<li><strong>Teknisk forbedring i RETTE <\/strong>slik at f.ex REK korrespondanse direkte legges inn, inkl sluttmeldinger<\/li>\n\n\n\n<li><strong>\u00c5rlig gjennomgang av alle prosjekter<\/strong> registrert i RETTE, med kort rapport til fakultetet<\/li>\n\n\n\n<li><strong>Prosjektledere som fratrer<\/strong> m\u00e5 s\u00f8rge for ansvarsoverf\u00f8ring for prosjekter og data<\/li>\n\n\n\n<li><strong>Plan for sletting av persondata <\/strong>ved avslutning av alle RETTE prosjekt<\/li>\n\n\n\n<li><strong>DPIA, godkjenninger og kontrakter skal lagres p\u00e5 server<\/strong> med tilgang for prosjektleder og instituttledelse<\/li>\n\n\n\n<li>Der vil utvikles et <strong>obligatorisk e-kurs<\/strong> for registrering og oppf\u00f8ging av prosjektene i RETTE<\/li>\n<\/ul>\n\n\n\n<p>Tiltakene vil forh\u00e5pentligvis gj\u00f8re det lettere sikre at prosjekter avsluttes ordentlig, at&nbsp; ansvar er tydelig plassert og at persondata ikke kommer p\u00e5 avveie. I siste instans handler dette om tillit til forskning blant folk flest, og villighet til \u00e5 delta i forskningsprosjekter.<\/p>\n\n\n\n<p>La meg til slutt f\u00e5 takke for hardt arbeid fra mange av K2s vitenskapelig ansatte med hele fem \u00ab<strong>Senter for fremdragende forskning<\/strong>\u00bb s\u00f8knader koordinert fra K2 levert denne uken.<\/p>\n","protected":false},"excerpt":{"rendered":"<p>Ansvar og system for personopplysninger p\u00e5 fakultetet<\/p>\n<p>RETTE er systemet som gir UiB oversikt over alle prosjekter der det behandles personopplysninger. Systemet skal ivareta v\u00e5r lovp\u00e5lagte plikt og blir enda viktigere med ny helseforskningslov der forskerens personlige ansvar begrenses, mens forskningsinstitusjoner f\u00e5r ansvaret (systemansvar) for helseforskningen.<\/p>\n<p>Fakultetet har kommet med forslag til rutiner som skal bidra til at forskningen f\u00f8lger gjeldende lover, etiske retningslinjer og f\u00f8lge opp UiBs ansvar som forskningsansvarlig institusjon. Denne oppf\u00f8lgingen vil foreg\u00e5 i RETTE systemet og ansvaret vil legges til instituttniv\u00e5et siden det er der forskningen skjer. Instituttleder blir dermed ansvarlig for god gjennomf\u00f8ring av dette.<\/p>\n<p>F\u00f8lgende tiltak skal bidra til \u00e5 ivareta dette ansvaret:<\/p>\n<p>Instituttet oppnevner to RETTE-kontakter som f\u00e5r oppl\u00e6ring i teknisk bruk og regelverk<\/p>\n<p>Teknisk forbedring i RETTE slik at f.ex REK korrespondanse direkte legges inn, inkl sluttmeldinger<\/p>\n<p>\u00c5rlig gjennomgang av alle prosjekter registrert i RETTE, med kort rapport til fakultetet<\/p>\n<p>Prosjektledere som fratrer m\u00e5 s\u00f8rge for ansvarsoverf\u00f8ring for prosjekter og data<\/p>\n<p>Plan for sletting av persondata ved avslutning av alle RETTE prosjekt<\/p>\n<p>DPIA, godkjenninger og kontrakter skal lagres p\u00e5 server med tilgang for prosjektleder og instituttledelse<\/p>\n<p>Der vil utvikles et obligatorisk e-kurs for registrering og oppf\u00f8ging av prosjektene i RETTE<\/p>\n<p>Tiltakene vil forh\u00e5pentligvis gj\u00f8re det lettere sikre at prosjekter avsluttes ordentlig, at\u00a0 ansvar er tydelig plassert og at persondata ikke kommer p\u00e5 avveie. I siste instans handler dette om tillit til forskning blant folk flest, og villighet til \u00e5 delta i forskningsprosjekter.<\/p>\n<p>La meg til slutt f\u00e5 takke for hardt arbeid fra mange av K2s vitenskapelig ansatte med hele fem \u00abSenter for fremdragende forskning\u00bb s\u00f8knader koordinert fra K2 levert denne uken.<\/p>\n<p class=\"more-link-p\"><a class=\"more-link\" href=\"https:\/\/k2info.w.uib.no\/nb_no\/2025\/11\/14\/ukens-leder-kurt-hanevik\/\">Read more &rarr;<\/a><\/p>\n","protected":false},"author":5375,"featured_media":26939,"comment_status":"open","ping_status":"open","sticky":false,"template":"","format":"standard","meta":{"footnotes":""},"categories":[44],"tags":[],"class_list":["post-26938","post","type-post","status-publish","format-standard","has-post-thumbnail","hentry","category-nyheter"],"_links":{"self":[{"href":"https:\/\/k2info.w.uib.no\/nb_no\/wp-json\/wp\/v2\/posts\/26938","targetHints":{"allow":["GET"]}}],"collection":[{"href":"https:\/\/k2info.w.uib.no\/nb_no\/wp-json\/wp\/v2\/posts"}],"about":[{"href":"https:\/\/k2info.w.uib.no\/nb_no\/wp-json\/wp\/v2\/types\/post"}],"author":[{"embeddable":true,"href":"https:\/\/k2info.w.uib.no\/nb_no\/wp-json\/wp\/v2\/users\/5375"}],"replies":[{"embeddable":true,"href":"https:\/\/k2info.w.uib.no\/nb_no\/wp-json\/wp\/v2\/comments?post=26938"}],"version-history":[{"count":3,"href":"https:\/\/k2info.w.uib.no\/nb_no\/wp-json\/wp\/v2\/posts\/26938\/revisions"}],"predecessor-version":[{"id":26942,"href":"https:\/\/k2info.w.uib.no\/nb_no\/wp-json\/wp\/v2\/posts\/26938\/revisions\/26942"}],"wp:featuredmedia":[{"embeddable":true,"href":"https:\/\/k2info.w.uib.no\/nb_no\/wp-json\/wp\/v2\/media\/26939"}],"wp:attachment":[{"href":"https:\/\/k2info.w.uib.no\/nb_no\/wp-json\/wp\/v2\/media?parent=26938"}],"wp:term":[{"taxonomy":"category","embeddable":true,"href":"https:\/\/k2info.w.uib.no\/nb_no\/wp-json\/wp\/v2\/categories?post=26938"},{"taxonomy":"post_tag","embeddable":true,"href":"https:\/\/k2info.w.uib.no\/nb_no\/wp-json\/wp\/v2\/tags?post=26938"}],"curies":[{"name":"wp","href":"https:\/\/api.w.org\/{rel}","templated":true}]}}