{"id":26613,"date":"2025-10-24T10:28:48","date_gmt":"2025-10-24T09:28:48","guid":{"rendered":"https:\/\/k2info.w.uib.no\/?p=26613"},"modified":"2025-10-24T10:28:48","modified_gmt":"2025-10-24T09:28:48","slug":"bli-med-a-bygge-den-akademiske-pepperkakebyen","status":"publish","type":"post","link":"https:\/\/k2info.w.uib.no\/nb_no\/2025\/10\/24\/bli-med-a-bygge-den-akademiske-pepperkakebyen\/","title":{"rendered":"Bli med \u00e5 bygge Den akademiske pepperkakebyen!"},"content":{"rendered":"\n<p>I anledning 200-\u00e5rsjubileet til UiB og Universitetsmuseet, inviterer UiB alle ansatte og studenter til \u00e5 ta del i byggingen av Den akademiske pepperkakebyen p\u00e5 museet. Pepperkakebyen skal vise at fri forskning alltid har et hjem p\u00e5 UiB.<\/p>\n\n\n\n<figure class=\"wp-block-image size-large\"><a href=\"https:\/\/k2info.w.uib.no\/files\/2025\/10\/image-17.png\"><img loading=\"lazy\" decoding=\"async\" width=\"1024\" height=\"585\" src=\"https:\/\/k2info.w.uib.no\/files\/2025\/10\/image-17-1024x585.png\" alt=\"\" class=\"wp-image-26614\" srcset=\"https:\/\/k2info.w.uib.no\/files\/2025\/10\/image-17-1024x585.png 1024w, https:\/\/k2info.w.uib.no\/files\/2025\/10\/image-17-300x171.png 300w, https:\/\/k2info.w.uib.no\/files\/2025\/10\/image-17-768x438.png 768w, https:\/\/k2info.w.uib.no\/files\/2025\/10\/image-17-1536x877.png 1536w, https:\/\/k2info.w.uib.no\/files\/2025\/10\/image-17-2048x1169.png 2048w, https:\/\/k2info.w.uib.no\/files\/2025\/10\/image-17-18x10.png 18w, https:\/\/k2info.w.uib.no\/files\/2025\/10\/image-17-450x257.png 450w\" sizes=\"auto, (max-width: 1024px) 100vw, 1024px\" \/><\/a><\/figure>\n","protected":false},"excerpt":{"rendered":"<p>I anledning 200-\u00e5rsjubileet til UiB og Universitetsmuseet, inviterer UiB alle ansatte og studenter til \u00e5 ta del i byggingen av Den akademiske pepperkakebyen p\u00e5 museet. Pepperkakebyen skal vise at fri forskning alltid har et hjem p\u00e5 UiB.<\/p>\n<p class=\"more-link-p\"><a class=\"more-link\" href=\"https:\/\/k2info.w.uib.no\/nb_no\/2025\/10\/24\/bli-med-a-bygge-den-akademiske-pepperkakebyen\/\">Read more &rarr;<\/a><\/p>\n","protected":false},"author":5375,"featured_media":26614,"comment_status":"open","ping_status":"open","sticky":false,"template":"","format":"standard","meta":{"footnotes":""},"categories":[44],"tags":[],"class_list":["post-26613","post","type-post","status-publish","format-standard","has-post-thumbnail","hentry","category-nyheter"],"_links":{"self":[{"href":"https:\/\/k2info.w.uib.no\/nb_no\/wp-json\/wp\/v2\/posts\/26613","targetHints":{"allow":["GET"]}}],"collection":[{"href":"https:\/\/k2info.w.uib.no\/nb_no\/wp-json\/wp\/v2\/posts"}],"about":[{"href":"https:\/\/k2info.w.uib.no\/nb_no\/wp-json\/wp\/v2\/types\/post"}],"author":[{"embeddable":true,"href":"https:\/\/k2info.w.uib.no\/nb_no\/wp-json\/wp\/v2\/users\/5375"}],"replies":[{"embeddable":true,"href":"https:\/\/k2info.w.uib.no\/nb_no\/wp-json\/wp\/v2\/comments?post=26613"}],"version-history":[{"count":1,"href":"https:\/\/k2info.w.uib.no\/nb_no\/wp-json\/wp\/v2\/posts\/26613\/revisions"}],"predecessor-version":[{"id":26615,"href":"https:\/\/k2info.w.uib.no\/nb_no\/wp-json\/wp\/v2\/posts\/26613\/revisions\/26615"}],"wp:featuredmedia":[{"embeddable":true,"href":"https:\/\/k2info.w.uib.no\/nb_no\/wp-json\/wp\/v2\/media\/26614"}],"wp:attachment":[{"href":"https:\/\/k2info.w.uib.no\/nb_no\/wp-json\/wp\/v2\/media?parent=26613"}],"wp:term":[{"taxonomy":"category","embeddable":true,"href":"https:\/\/k2info.w.uib.no\/nb_no\/wp-json\/wp\/v2\/categories?post=26613"},{"taxonomy":"post_tag","embeddable":true,"href":"https:\/\/k2info.w.uib.no\/nb_no\/wp-json\/wp\/v2\/tags?post=26613"}],"curies":[{"name":"wp","href":"https:\/\/api.w.org\/{rel}","templated":true}]}}