{"id":2599,"date":"2014-04-04T11:40:33","date_gmt":"2014-04-04T11:40:33","guid":{"rendered":"http:\/\/k2info.w.uib.no\/?p=2599"},"modified":"2014-05-07T13:37:48","modified_gmt":"2014-05-07T13:37:48","slug":"valg-i-gruppe-b-til-instituttrad-2014","status":"publish","type":"post","link":"https:\/\/k2info.w.uib.no\/nb_no\/2014\/04\/04\/valg-i-gruppe-b-til-instituttrad-2014\/","title":{"rendered":"<!--:no-->Valg i gruppe B til instituttr\u00e5d 2014<!--:--><!--:en-->Election from group B for the institute council 2014<!--:-->"},"content":{"rendered":"<p><!--:no-->Instituttene m\u00e5 gjennomf\u00f8re valg av representanter fra gruppe B (undervisnings- og forskerstillinger) til instituttr\u00e5dene. Valget vil foreg\u00e5 8.-13. mai 2014. Frist for innsending av forslag til kandidater til instituttr\u00e5det\u00a0er 23. april.\u00a0Innsendte forslag m\u00e5 signeres av\u00a0\u00a0minst 3 stemmeberettigede personer i gruppe B. \u00a0Send forslag til <a href=\"mailto:irene.hjelmaas@k2.uib.no\">irene.hjelmaas@k2.uib.no<\/a><\/p>\n<p><a href=\"http:\/\/k2info.w.uib.no\/files\/2014\/03\/Valg-i-gruppe-i-B-til-instituttr\u00e5det.pdf\" target=\"_blank\">Klikk her for mer informasjon.<\/a><\/p>\n<p><img loading=\"lazy\" decoding=\"async\" class=\"alignleft  wp-image-2635\" alt=\"Valg gruppe B\" src=\"http:\/\/k2info.w.uib.no\/files\/2014\/03\/Valg-gruppe-B.jpg\" width=\"146\" height=\"153\" \/><!--:--><!--:en-->The institutes will conduct an election of representatives from group B (teaching and research positions) for the institute councils. The election will be held May 8-13 2014. <a href=\"http:\/\/k2info.w.uib.no\/files\/2014\/03\/Valg-i-gruppe-i-B-til-instituttr\u00e5det.pdf\" target=\"_blank\">For more information <\/a>(in Norwegian).<\/p>\n<p><img loading=\"lazy\" decoding=\"async\" class=\"alignleft  wp-image-2635\" alt=\"Valg gruppe B\" src=\"http:\/\/k2info.w.uib.no\/files\/2014\/03\/Valg-gruppe-B.jpg\" width=\"146\" height=\"153\" \/><!--:--><\/p>\n","protected":false},"excerpt":{"rendered":"<p>Instituttene m\u00e5 gjennomf\u00f8re valg av representanter fra gruppe B (undervisnings- og forskerstillinger) til instituttr\u00e5dene. Valget vil foreg\u00e5 8.-13. mai 2014. Frist for innsending av forslag til kandidater til instituttr\u00e5det\u00a0er 23. april.\u00a0Innsendte forslag m\u00e5 signeres av\u00a0\u00a0minst 3 stemmeberettigede personer i gruppe&hellip;<\/p>\n<p class=\"more-link-p\"><a class=\"more-link\" href=\"https:\/\/k2info.w.uib.no\/nb_no\/2014\/04\/04\/valg-i-gruppe-b-til-instituttrad-2014\/\">Read more &rarr;<\/a><\/p>\n","protected":false},"author":2781,"featured_media":0,"comment_status":"open","ping_status":"open","sticky":false,"template":"","format":"standard","meta":{"footnotes":""},"categories":[44],"tags":[],"class_list":["post-2599","post","type-post","status-publish","format-standard","hentry","category-nyheter"],"_links":{"self":[{"href":"https:\/\/k2info.w.uib.no\/nb_no\/wp-json\/wp\/v2\/posts\/2599","targetHints":{"allow":["GET"]}}],"collection":[{"href":"https:\/\/k2info.w.uib.no\/nb_no\/wp-json\/wp\/v2\/posts"}],"about":[{"href":"https:\/\/k2info.w.uib.no\/nb_no\/wp-json\/wp\/v2\/types\/post"}],"author":[{"embeddable":true,"href":"https:\/\/k2info.w.uib.no\/nb_no\/wp-json\/wp\/v2\/users\/2781"}],"replies":[{"embeddable":true,"href":"https:\/\/k2info.w.uib.no\/nb_no\/wp-json\/wp\/v2\/comments?post=2599"}],"version-history":[{"count":10,"href":"https:\/\/k2info.w.uib.no\/nb_no\/wp-json\/wp\/v2\/posts\/2599\/revisions"}],"predecessor-version":[{"id":2803,"href":"https:\/\/k2info.w.uib.no\/nb_no\/wp-json\/wp\/v2\/posts\/2599\/revisions\/2803"}],"wp:attachment":[{"href":"https:\/\/k2info.w.uib.no\/nb_no\/wp-json\/wp\/v2\/media?parent=2599"}],"wp:term":[{"taxonomy":"category","embeddable":true,"href":"https:\/\/k2info.w.uib.no\/nb_no\/wp-json\/wp\/v2\/categories?post=2599"},{"taxonomy":"post_tag","embeddable":true,"href":"https:\/\/k2info.w.uib.no\/nb_no\/wp-json\/wp\/v2\/tags?post=2599"}],"curies":[{"name":"wp","href":"https:\/\/api.w.org\/{rel}","templated":true}]}}