{"id":25597,"date":"2025-05-22T11:41:24","date_gmt":"2025-05-22T10:41:24","guid":{"rendered":"https:\/\/k2info.w.uib.no\/?p=25597"},"modified":"2025-05-22T11:41:24","modified_gmt":"2025-05-22T10:41:24","slug":"feltstudie-med-probiotika-i-tanzania-lovande-effekt-mot-multiresistente-bakteriar","status":"publish","type":"post","link":"https:\/\/k2info.w.uib.no\/nb_no\/2025\/05\/22\/feltstudie-med-probiotika-i-tanzania-lovande-effekt-mot-multiresistente-bakteriar\/","title":{"rendered":"[:no]Feltstudie med probiotika i Tanzania: Lovande effekt mot multiresistente bakteriar[:en] Field study with probiotics in Tanzania: Promising effect against multidrug-resistant bacteria[:]"},"content":{"rendered":"<p>[:no]I denne rykande ferske artikkelen i Lancet Global Health presenterar vi funn fra ein randomisert placebokontrollert med utpr\u00f8ving av probiotika for nyf\u00f8dte barn i Tanzania. I studien blei 2000 barn inkludert i l\u00f8pet av 3 f\u00f8rste leved\u00f8gn. Rundt halvparten blei f\u00f8dt utanfor sjukehus, dei fleste heime i landsbyane, og blei rekruttert av eit forskningsassistentar som reiste rundt p\u00e5 motorsykkel. Vi fann ingen effekt av probiotika p\u00e5 prim\u00e6rendepunktet som var kompositt av innleggelse i sjukehus og d\u00f8d.<\/p>\n<div id=\"attachment_25598\" style=\"width: 2468px\" class=\"wp-caption alignnone\"><a href=\"https:\/\/k2info.w.uib.no\/files\/2025\/05\/bjorn.jpg\"><img loading=\"lazy\" decoding=\"async\" aria-describedby=\"caption-attachment-25598\" class=\"wp-image-25598 size-full\" src=\"https:\/\/k2info.w.uib.no\/files\/2025\/05\/bjorn.jpg\" alt=\"\" width=\"2458\" height=\"1195\" srcset=\"https:\/\/k2info.w.uib.no\/files\/2025\/05\/bjorn.jpg 2458w, https:\/\/k2info.w.uib.no\/files\/2025\/05\/bjorn-300x146.jpg 300w, https:\/\/k2info.w.uib.no\/files\/2025\/05\/bjorn-1024x498.jpg 1024w, https:\/\/k2info.w.uib.no\/files\/2025\/05\/bjorn-768x373.jpg 768w, https:\/\/k2info.w.uib.no\/files\/2025\/05\/bjorn-1536x747.jpg 1536w, https:\/\/k2info.w.uib.no\/files\/2025\/05\/bjorn-2048x996.jpg 2048w, https:\/\/k2info.w.uib.no\/files\/2025\/05\/bjorn-624x303.jpg 624w\" sizes=\"auto, (max-width: 2458px) 100vw, 2458px\" \/><\/a><p id=\"caption-attachment-25598\" class=\"wp-caption-text\">P\u00e5 bildet er prof Claus Klingenberg fra Troms\u00f8, forskningssjukepleiar Rehema Bukhay (med babyen), og heilt til h\u00f8yre dr Joshua Gidabayda og Bj\u00f8rn.<\/p><\/div>\n<p>Men studien visar at probiotika reduserer b\u00e6rerskap av multiresistente (ESBL-produserande) Gram negative bakteriar i tarm, s\u00e6rleg hos dei som var f\u00f8dt i sjukehus. Framtidige studiar trengs for \u00e5 finne ut korleis probiotika eventuelt kan brukast i kampen mot antibiotikaresistente bakteriar. \u00a0Medforfattarar fra K2 er Iren L\u00f6hr, Sabrina Moyo, Nina Langeland og Bj\u00f8rn Blomberg.<\/p>\n<p>Helsing Bj\u00f8rn<\/p>\n<p><a href=\"https:\/\/www.thelancet.com\/journals\/langlo\/article\/PIIS2214-109X(25)00064-6\/fulltext\">https:\/\/www.thelancet.com\/journals\/langlo\/article\/PIIS2214-109X(25)00064-6\/fulltext<\/a><\/p>\n<div id=\"attachment_25599\" style=\"width: 914px\" class=\"wp-caption alignnone\"><a href=\"https:\/\/k2info.w.uib.no\/files\/2025\/05\/bjlorn.jpg\"><img loading=\"lazy\" decoding=\"async\" aria-describedby=\"caption-attachment-25599\" class=\"wp-image-25599 size-full\" src=\"https:\/\/k2info.w.uib.no\/files\/2025\/05\/bjlorn.jpg\" alt=\"\" width=\"904\" height=\"1205\" srcset=\"https:\/\/k2info.w.uib.no\/files\/2025\/05\/bjlorn.jpg 904w, https:\/\/k2info.w.uib.no\/files\/2025\/05\/bjlorn-225x300.jpg 225w, https:\/\/k2info.w.uib.no\/files\/2025\/05\/bjlorn-768x1024.jpg 768w, https:\/\/k2info.w.uib.no\/files\/2025\/05\/bjlorn-624x832.jpg 624w\" sizes=\"auto, (max-width: 904px) 100vw, 904px\" \/><\/a><p id=\"caption-attachment-25599\" class=\"wp-caption-text\">Motorsykkelteamet p\u00e5 vei til landsbyane.<\/p><\/div>\n<p>&nbsp;[:en]In this recent article in Lancet Global Health, we present findings from a randomized placebo-controlled trial of probiotics for newborns in Tanzania. The study enrolled 2,000 infants within the first 3 days of life. About half were born outside hospitals, most at home in rural areas, and were recruited by a research assistant traveling around on a motorcycle. We found no effect of probiotics on the primary endpoint, which was a composite of hospitalization and death.<\/p>\n<div id=\"attachment_25598\" style=\"width: 2468px\" class=\"wp-caption alignnone\"><a href=\"https:\/\/k2info.w.uib.no\/files\/2025\/05\/bjorn.jpg\"><img loading=\"lazy\" decoding=\"async\" aria-describedby=\"caption-attachment-25598\" class=\"wp-image-25598 size-full\" src=\"https:\/\/k2info.w.uib.no\/files\/2025\/05\/bjorn.jpg\" alt=\"\" width=\"2458\" height=\"1195\" srcset=\"https:\/\/k2info.w.uib.no\/files\/2025\/05\/bjorn.jpg 2458w, https:\/\/k2info.w.uib.no\/files\/2025\/05\/bjorn-300x146.jpg 300w, https:\/\/k2info.w.uib.no\/files\/2025\/05\/bjorn-1024x498.jpg 1024w, https:\/\/k2info.w.uib.no\/files\/2025\/05\/bjorn-768x373.jpg 768w, https:\/\/k2info.w.uib.no\/files\/2025\/05\/bjorn-1536x747.jpg 1536w, https:\/\/k2info.w.uib.no\/files\/2025\/05\/bjorn-2048x996.jpg 2048w, https:\/\/k2info.w.uib.no\/files\/2025\/05\/bjorn-624x303.jpg 624w\" sizes=\"auto, (max-width: 2458px) 100vw, 2458px\" \/><\/a><p id=\"caption-attachment-25598\" class=\"wp-caption-text\">In the picture are Prof. Claus Klingenberg from Troms\u00f8, research nurse Rehema Bukhay (with the baby), and on the far right Dr. Joshua Gidabayda and Bj\u00f8rn.<\/dd>\n<dd><span style=\"font-size: 1rem\">But the study shows that probiotics reduce the carriage of multiresistant (ESBL-producing) Gram negative bacteria in the intestine, especially in those who were born in hospitals. Future studies are needed to find out how probiotics can possibly be used in the fight against antibiotic-resistant bacteria. Co-authors from K2 are Iren L\u00f6hr, Sabrina Moyo, Nina Langeland and Bj\u00f8rn Blomberg.<\/span><\/p><\/div>\n<p>Best, Bj\u00f8rn<\/p>\n<p><a href=\"https:\/\/www.thelancet.com\/journals\/langlo\/article\/PIIS2214-109X(25)00064-6\/fulltext\">https:\/\/www.thelancet.com\/journals\/langlo\/article\/PIIS2214-109X(25)00064-6\/fulltext<\/a><\/p>\n<p><div id=\"attachment_25599\" style=\"width: 914px\" class=\"wp-caption alignnone\"><a href=\"https:\/\/k2info.w.uib.no\/files\/2025\/05\/bjlorn.jpg\"><img loading=\"lazy\" decoding=\"async\" aria-describedby=\"caption-attachment-25599\" class=\"wp-image-25599 size-full\" src=\"https:\/\/k2info.w.uib.no\/files\/2025\/05\/bjlorn.jpg\" alt=\"\" width=\"904\" height=\"1205\" srcset=\"https:\/\/k2info.w.uib.no\/files\/2025\/05\/bjlorn.jpg 904w, https:\/\/k2info.w.uib.no\/files\/2025\/05\/bjlorn-225x300.jpg 225w, https:\/\/k2info.w.uib.no\/files\/2025\/05\/bjlorn-768x1024.jpg 768w, https:\/\/k2info.w.uib.no\/files\/2025\/05\/bjlorn-624x832.jpg 624w\" sizes=\"auto, (max-width: 904px) 100vw, 904px\" \/><\/a><p id=\"caption-attachment-25599\" class=\"wp-caption-text\">The motorcycle team on their way to the villages.<\/p><\/div>[:]<\/p>\n","protected":false},"excerpt":{"rendered":"<p>[:no]I denne rykande ferske artikkelen i Lancet Global Health presenterar vi funn fra ein randomisert placebokontrollert med utpr\u00f8ving av probiotika for nyf\u00f8dte barn i Tanzania. I studien blei 2000 barn inkludert i l\u00f8pet av 3 f\u00f8rste leved\u00f8gn. Rundt halvparten blei&hellip;<\/p>\n<p class=\"more-link-p\"><a class=\"more-link\" href=\"https:\/\/k2info.w.uib.no\/nb_no\/2025\/05\/22\/feltstudie-med-probiotika-i-tanzania-lovande-effekt-mot-multiresistente-bakteriar\/\">Read more &rarr;<\/a><\/p>\n","protected":false},"author":5375,"featured_media":0,"comment_status":"open","ping_status":"open","sticky":false,"template":"","format":"standard","meta":{"footnotes":""},"categories":[44],"tags":[],"class_list":["post-25597","post","type-post","status-publish","format-standard","hentry","category-nyheter"],"_links":{"self":[{"href":"https:\/\/k2info.w.uib.no\/nb_no\/wp-json\/wp\/v2\/posts\/25597","targetHints":{"allow":["GET"]}}],"collection":[{"href":"https:\/\/k2info.w.uib.no\/nb_no\/wp-json\/wp\/v2\/posts"}],"about":[{"href":"https:\/\/k2info.w.uib.no\/nb_no\/wp-json\/wp\/v2\/types\/post"}],"author":[{"embeddable":true,"href":"https:\/\/k2info.w.uib.no\/nb_no\/wp-json\/wp\/v2\/users\/5375"}],"replies":[{"embeddable":true,"href":"https:\/\/k2info.w.uib.no\/nb_no\/wp-json\/wp\/v2\/comments?post=25597"}],"version-history":[{"count":1,"href":"https:\/\/k2info.w.uib.no\/nb_no\/wp-json\/wp\/v2\/posts\/25597\/revisions"}],"predecessor-version":[{"id":25600,"href":"https:\/\/k2info.w.uib.no\/nb_no\/wp-json\/wp\/v2\/posts\/25597\/revisions\/25600"}],"wp:attachment":[{"href":"https:\/\/k2info.w.uib.no\/nb_no\/wp-json\/wp\/v2\/media?parent=25597"}],"wp:term":[{"taxonomy":"category","embeddable":true,"href":"https:\/\/k2info.w.uib.no\/nb_no\/wp-json\/wp\/v2\/categories?post=25597"},{"taxonomy":"post_tag","embeddable":true,"href":"https:\/\/k2info.w.uib.no\/nb_no\/wp-json\/wp\/v2\/tags?post=25597"}],"curies":[{"name":"wp","href":"https:\/\/api.w.org\/{rel}","templated":true}]}}