{"id":25312,"date":"2025-04-10T06:05:41","date_gmt":"2025-04-10T05:05:41","guid":{"rendered":"https:\/\/k2info.w.uib.no\/?p=25312"},"modified":"2025-04-10T06:09:08","modified_gmt":"2025-04-10T05:09:08","slug":"kjaere-dekan-fakultetsdirektor-og-avdelingsdirektor","status":"publish","type":"post","link":"https:\/\/k2info.w.uib.no\/nb_no\/2025\/04\/10\/kjaere-dekan-fakultetsdirektor-og-avdelingsdirektor\/","title":{"rendered":"[:no]Velkommen til bursdagsfeiring og kunnskapsfest![:en]Welcome to the birthday celebration and knowledge party![:]"},"content":{"rendered":"<p>[:no]I \u00e5r er det 200 \u00e5r siden Universitetsmuseet ble stiftet, og vi feirer forl\u00f8peren til Universitetet i Bergen. Bli med p\u00e5 jubileet!<\/p>\n<p>Bursdagsfeiring for studenter og ansatte<\/p>\n<p>25. april er du som ansatt eller student invitert til en egen feiring p\u00e5 Mus\u00e9plassen og i Mus\u00e9hagen. Det blir tale ved statsminister Jonas Gahr St\u00f8re, musikalske innslag, jubileumsutstilling og kaffe og kake.<\/p>\n<p>Program<\/p>\n<p>\u00b7 10.00-11.30: Jubileumsutstilling i Universitetsmuseet<\/p>\n<p>\u00b7 12.00-12.30: H\u00f8ytidelig markering p\u00e5 Mus\u00e9plassen<\/p>\n<p>\u00b7 12.30-14.00: Kaffe og kake i Mus\u00e9hagen Meld deg p\u00e5 bursdagsfesten<\/p>\n<p>Kunnskapsfest p\u00e5 Universitetsmuseet<\/p>\n<p>UiB \u00e5pner d\u00f8rene og inviterer byen til kunnskapsfest 27. april!<\/p>\n<p>Bli med p\u00e5 en spennende dag for hele familien med aktiviteter b\u00e5de inne og ute p\u00e5 Universitetsmuseet. Alle aktiviteter er gratis og passer for b\u00e5de store og sm\u00e5.<\/p>\n<p>Ta med familie, kollegaer og venner, og tilbring en l\u00e6rerik s\u00f8ndag p\u00e5 H\u00f8yden! Se hele programmet<\/p>\n<p><a href=\"https:\/\/k2info.w.uib.no\/files\/2025\/03\/uib-scaled.jpg\"><img loading=\"lazy\" decoding=\"async\" class=\"alignnone size-full wp-image-25180\" src=\"https:\/\/k2info.w.uib.no\/files\/2025\/03\/uib-scaled.jpg\" alt=\"\" width=\"2560\" height=\"1440\" srcset=\"https:\/\/k2info.w.uib.no\/files\/2025\/03\/uib-scaled.jpg 2560w, https:\/\/k2info.w.uib.no\/files\/2025\/03\/uib-300x169.jpg 300w, https:\/\/k2info.w.uib.no\/files\/2025\/03\/uib-1024x576.jpg 1024w, https:\/\/k2info.w.uib.no\/files\/2025\/03\/uib-768x432.jpg 768w, https:\/\/k2info.w.uib.no\/files\/2025\/03\/uib-1536x864.jpg 1536w, https:\/\/k2info.w.uib.no\/files\/2025\/03\/uib-2048x1152.jpg 2048w, https:\/\/k2info.w.uib.no\/files\/2025\/03\/uib-624x351.jpg 624w\" sizes=\"auto, (max-width: 2560px) 100vw, 2560px\" \/><\/a>[:en]This year marks 200 years since the University Museum was founded, and we are celebrating the precursor to the University of Bergen. Join the anniversary!<\/p>\n<p>Birthday celebration for students and employees<\/p>\n<p>On April 25, you, as an employee or student, are invited to a special celebration at Mus\u00e9plassen and in Mus\u00e9hagen. There will be a speech by Prime Minister Jonas Gahr St\u00f8re, musical performances, an anniversary exhibition and coffee and cake.<\/p>\n<p>Program<\/p>\n<p>\u00b7 10:00-11:30: Anniversary exhibition in the University Museum<\/p>\n<p>\u00b7 12:00-12:30: Ceremonial celebration at Mus\u00e9plassen<\/p>\n<p>\u00b7 12:30-14:00: Coffee and cake in Mus\u00e9hagen Register for the birthday party<\/p>\n<p><a href=\"https:\/\/skjemaker.app.uib.no\/view.php?id=18700151\">Register here<\/a><\/p>\n<p>Knowledge party at the University Museum<\/p>\n<p>UiB opens its doors and invites the city to a knowledge party on April 27!<\/p>\n<p>Join us for an exciting day for the whole family with activities both indoors and outdoors at the University Museum. All activities are free and suitable for both young and old.<\/p>\n<p>Bring your family, colleagues and friends, and spend an educational Sunday at H\u00f8yden!<\/p>\n<p><a href=\"https:\/\/www.uib.no\/200%C3%A5r\/176775\/kunnskapsfest-p%C3%A5-universitetsmuseet\">See the full program<\/a><\/p>\n<p><a href=\"https:\/\/k2info.w.uib.no\/files\/2025\/03\/uib-scaled.jpg\"><img loading=\"lazy\" decoding=\"async\" class=\"alignnone size-full wp-image-25180\" src=\"https:\/\/k2info.w.uib.no\/files\/2025\/03\/uib-scaled.jpg\" alt=\"\" width=\"2560\" height=\"1440\" srcset=\"https:\/\/k2info.w.uib.no\/files\/2025\/03\/uib-scaled.jpg 2560w, https:\/\/k2info.w.uib.no\/files\/2025\/03\/uib-300x169.jpg 300w, https:\/\/k2info.w.uib.no\/files\/2025\/03\/uib-1024x576.jpg 1024w, https:\/\/k2info.w.uib.no\/files\/2025\/03\/uib-768x432.jpg 768w, https:\/\/k2info.w.uib.no\/files\/2025\/03\/uib-1536x864.jpg 1536w, https:\/\/k2info.w.uib.no\/files\/2025\/03\/uib-2048x1152.jpg 2048w, https:\/\/k2info.w.uib.no\/files\/2025\/03\/uib-624x351.jpg 624w\" sizes=\"auto, (max-width: 2560px) 100vw, 2560px\" \/><\/a>[:]<\/p>\n","protected":false},"excerpt":{"rendered":"<p>[:no]I \u00e5r er det 200 \u00e5r siden Universitetsmuseet ble stiftet, og vi feirer forl\u00f8peren til Universitetet i Bergen. Bli med p\u00e5 jubileet! Bursdagsfeiring for studenter og ansatte 25. april er du som ansatt eller student invitert til en egen feiring&hellip;<\/p>\n<p class=\"more-link-p\"><a class=\"more-link\" href=\"https:\/\/k2info.w.uib.no\/nb_no\/2025\/04\/10\/kjaere-dekan-fakultetsdirektor-og-avdelingsdirektor\/\">Read more &rarr;<\/a><\/p>\n","protected":false},"author":5375,"featured_media":0,"comment_status":"open","ping_status":"open","sticky":false,"template":"","format":"standard","meta":{"footnotes":""},"categories":[44],"tags":[],"class_list":["post-25312","post","type-post","status-publish","format-standard","hentry","category-nyheter"],"_links":{"self":[{"href":"https:\/\/k2info.w.uib.no\/nb_no\/wp-json\/wp\/v2\/posts\/25312","targetHints":{"allow":["GET"]}}],"collection":[{"href":"https:\/\/k2info.w.uib.no\/nb_no\/wp-json\/wp\/v2\/posts"}],"about":[{"href":"https:\/\/k2info.w.uib.no\/nb_no\/wp-json\/wp\/v2\/types\/post"}],"author":[{"embeddable":true,"href":"https:\/\/k2info.w.uib.no\/nb_no\/wp-json\/wp\/v2\/users\/5375"}],"replies":[{"embeddable":true,"href":"https:\/\/k2info.w.uib.no\/nb_no\/wp-json\/wp\/v2\/comments?post=25312"}],"version-history":[{"count":2,"href":"https:\/\/k2info.w.uib.no\/nb_no\/wp-json\/wp\/v2\/posts\/25312\/revisions"}],"predecessor-version":[{"id":25315,"href":"https:\/\/k2info.w.uib.no\/nb_no\/wp-json\/wp\/v2\/posts\/25312\/revisions\/25315"}],"wp:attachment":[{"href":"https:\/\/k2info.w.uib.no\/nb_no\/wp-json\/wp\/v2\/media?parent=25312"}],"wp:term":[{"taxonomy":"category","embeddable":true,"href":"https:\/\/k2info.w.uib.no\/nb_no\/wp-json\/wp\/v2\/categories?post=25312"},{"taxonomy":"post_tag","embeddable":true,"href":"https:\/\/k2info.w.uib.no\/nb_no\/wp-json\/wp\/v2\/tags?post=25312"}],"curies":[{"name":"wp","href":"https:\/\/api.w.org\/{rel}","templated":true}]}}