{"id":25208,"date":"2025-03-31T08:58:16","date_gmt":"2025-03-31T07:58:16","guid":{"rendered":"https:\/\/k2info.w.uib.no\/?p=25208"},"modified":"2025-03-31T11:01:31","modified_gmt":"2025-03-31T10:01:31","slug":"kunngjoring-av-valg-for-gruppe-a-b-og-c-til-instituttradet-k2-og-fakultetsstyret-ved-det-medisinske-fakultet-2","status":"publish","type":"post","link":"https:\/\/k2info.w.uib.no\/nb_no\/2025\/03\/31\/kunngjoring-av-valg-for-gruppe-a-b-og-c-til-instituttradet-k2-og-fakultetsstyret-ved-det-medisinske-fakultet-2\/","title":{"rendered":"[:no]Kunngj\u00f8ring av valg for gruppe A, B og C til instituttr\u00e5det K2 og fakultetsstyret ved Det medisinske fakultet[:en]Election notice for group A, B and C to the Department Council K2 and the Board at the Faculty of Medicine[:]"},"content":{"rendered":"<p>[:no]Vedlagt er kunngj\u00f8ring av valgene i 2025.<\/p>\n<p>Fakultetets valgstyre inviterer deg til \u00e5 komme med forslag p\u00e5 kandidater til instituttr\u00e5det og fakultetsstyret.<\/p>\n<p><strong><u>Frist for \u00e5 foresl\u00e5 kandidater til instituttr\u00e5dsvalget og fakultetsstyrevalget er fredag 4. april<\/u><\/strong><\/p>\n<p><a href=\"https:\/\/k2info.w.uib.no\/files\/2025\/03\/Kunngjoring-kandidatforslag-gruppe-A-B-C-fakultetsstyrevalg-2025-2.pdf\">Kunngj\u00f8ring kandidatforslag gruppe A B C fakultetsstyrevalg 2025<\/a><\/p>\n<p><a href=\"https:\/\/k2info.w.uib.no\/files\/2025\/03\/Kunngjoring-kandidatforslag-gruppe-A-B-C-instituttradsvalg-K2-2025-4.pdf\">Kunngj\u00f8ring kandidatforslag gruppe A B C instituttr\u00e5dsvalg K2 2025<\/a><\/p>\n<p>&nbsp;<\/p>\n<p><a href=\"https:\/\/k2info.w.uib.no\/files\/2025\/03\/vi-mener_2024-11-27-152532_diby.avif\"><img decoding=\"async\" class=\"alignnone size-full wp-image-25221\" src=\"https:\/\/k2info.w.uib.no\/files\/2025\/03\/vi-mener_2024-11-27-152532_diby.avif\" alt=\"\" \/><\/a><\/p>\n<p>&nbsp;<\/p>\n<p>&nbsp;[:en]Enclosed to this e-mail you find the election notice for the 2025 elections.<\/p>\n<p>The Electoral Board of the Faculty hereby invites you to propose candidates for the Department Council and the Board at the Faculty of Medicine.<\/p>\n<p><strong><u>The deadline for proposals of candidates to the Department Council and Faculty Board is set to Friday 4. April<\/u><\/strong><\/p>\n<p><a href=\"https:\/\/k2info.w.uib.no\/files\/2025\/03\/Election-notice-proposal-canditates-group-A-B-C-dept-council-K2-2025-2.pdf\">Electon notice proposal canditates group A B C dept council K2 2025<\/a><\/p>\n<p><a href=\"https:\/\/k2info.w.uib.no\/files\/2025\/03\/Election-notice-proposal-candidates-group-A-B-C-Faculty-Board-2025-2.pdf\">Election notice proposal candidates group A B C Faculty Board 2025<\/a><\/p>\n<p><a href=\"https:\/\/k2info.w.uib.no\/files\/2025\/03\/vi-mener_2024-11-27-152532_diby.avif\"><img decoding=\"async\" class=\"alignnone size-full wp-image-25221\" src=\"https:\/\/k2info.w.uib.no\/files\/2025\/03\/vi-mener_2024-11-27-152532_diby.avif\" alt=\"\" \/><\/a>[:]<\/p>\n","protected":false},"excerpt":{"rendered":"<p>[:no]Vedlagt er kunngj\u00f8ring av valgene i 2025. Fakultetets valgstyre inviterer deg til \u00e5 komme med forslag p\u00e5 kandidater til instituttr\u00e5det og fakultetsstyret. Frist for \u00e5 foresl\u00e5 kandidater til instituttr\u00e5dsvalget og fakultetsstyrevalget er fredag 4. april Kunngj\u00f8ring kandidatforslag gruppe A B&hellip;<\/p>\n<p class=\"more-link-p\"><a class=\"more-link\" href=\"https:\/\/k2info.w.uib.no\/nb_no\/2025\/03\/31\/kunngjoring-av-valg-for-gruppe-a-b-og-c-til-instituttradet-k2-og-fakultetsstyret-ved-det-medisinske-fakultet-2\/\">Read more &rarr;<\/a><\/p>\n","protected":false},"author":5375,"featured_media":0,"comment_status":"open","ping_status":"open","sticky":false,"template":"","format":"standard","meta":{"footnotes":""},"categories":[44],"tags":[],"class_list":["post-25208","post","type-post","status-publish","format-standard","hentry","category-nyheter"],"_links":{"self":[{"href":"https:\/\/k2info.w.uib.no\/nb_no\/wp-json\/wp\/v2\/posts\/25208","targetHints":{"allow":["GET"]}}],"collection":[{"href":"https:\/\/k2info.w.uib.no\/nb_no\/wp-json\/wp\/v2\/posts"}],"about":[{"href":"https:\/\/k2info.w.uib.no\/nb_no\/wp-json\/wp\/v2\/types\/post"}],"author":[{"embeddable":true,"href":"https:\/\/k2info.w.uib.no\/nb_no\/wp-json\/wp\/v2\/users\/5375"}],"replies":[{"embeddable":true,"href":"https:\/\/k2info.w.uib.no\/nb_no\/wp-json\/wp\/v2\/comments?post=25208"}],"version-history":[{"count":2,"href":"https:\/\/k2info.w.uib.no\/nb_no\/wp-json\/wp\/v2\/posts\/25208\/revisions"}],"predecessor-version":[{"id":25222,"href":"https:\/\/k2info.w.uib.no\/nb_no\/wp-json\/wp\/v2\/posts\/25208\/revisions\/25222"}],"wp:attachment":[{"href":"https:\/\/k2info.w.uib.no\/nb_no\/wp-json\/wp\/v2\/media?parent=25208"}],"wp:term":[{"taxonomy":"category","embeddable":true,"href":"https:\/\/k2info.w.uib.no\/nb_no\/wp-json\/wp\/v2\/categories?post=25208"},{"taxonomy":"post_tag","embeddable":true,"href":"https:\/\/k2info.w.uib.no\/nb_no\/wp-json\/wp\/v2\/tags?post=25208"}],"curies":[{"name":"wp","href":"https:\/\/api.w.org\/{rel}","templated":true}]}}