{"id":25179,"date":"2025-03-27T12:21:49","date_gmt":"2025-03-27T11:21:49","guid":{"rendered":"https:\/\/k2info.w.uib.no\/?p=25179"},"modified":"2025-03-27T12:21:49","modified_gmt":"2025-03-27T11:21:49","slug":"unge-forskere-ved-med-uib","status":"publish","type":"post","link":"https:\/\/k2info.w.uib.no\/nb_no\/2025\/03\/27\/unge-forskere-ved-med-uib\/","title":{"rendered":"[:no] Unge forskere ved MED\/UiB[:en]Young Researchers at MED\/UiB[:]"},"content":{"rendered":"<p>[:no]En kommunikasjonskanal for MED-fakultetets unge\/postdoktorer (Microsoft teams group &#8211; MED postdocs) med \u00e9n instituttrepresentant er n\u00e5 etablert.<\/p>\n<p>MED \u2013 Extended Research Management (postdoktorrepresentant)<\/p>\n<p>Shamundeeswari Anandan (Shamundeeswari.Anandan@uib.no ; samanandhan@gmail.com)<a href=\"https:\/\/k2info.w.uib.no\/files\/2025\/03\/uib-scaled.jpg\"><img loading=\"lazy\" decoding=\"async\" class=\"size-medium wp-image-25180 alignright\" src=\"https:\/\/k2info.w.uib.no\/files\/2025\/03\/uib-300x169.jpg\" alt=\"\" width=\"300\" height=\"169\" srcset=\"https:\/\/k2info.w.uib.no\/files\/2025\/03\/uib-300x169.jpg 300w, https:\/\/k2info.w.uib.no\/files\/2025\/03\/uib-1024x576.jpg 1024w, https:\/\/k2info.w.uib.no\/files\/2025\/03\/uib-768x432.jpg 768w, https:\/\/k2info.w.uib.no\/files\/2025\/03\/uib-1536x864.jpg 1536w, https:\/\/k2info.w.uib.no\/files\/2025\/03\/uib-2048x1152.jpg 2048w, https:\/\/k2info.w.uib.no\/files\/2025\/03\/uib-624x351.jpg 624w\" sizes=\"auto, (max-width: 300px) 100vw, 300px\" \/><\/a><\/p>\n<p>Avdelingsrepresentanter:<\/p>\n<p>Shuntaro Yamada (shuntaro.yamada@uib.no) \u2013 MED IKO,<br \/>\nKrishna Aryal (krishna.aryal@uib.no) \u2013 MED IGS,<br \/>\nVladan Milosevic (v.milosevic@uib.no) &#8211; MED K1,<br \/>\nThomas Michael James Stevenson (thomas.stevenson@uib.no) \u2013 MED IBM,<br \/>\nEster Anne Kringeland (ester.kringeland@uib.no) &#8211; MED K2<\/p>\n<p>Det oppfordres til at alle postdoktorer\/tidligere forskere fra de respektive instituttene benytter anledningen til \u00e5 kontakte sine kontaktpunkter for \u00e5 koble seg p\u00e5 teamgruppen.[:en]A communication channel for MED-faculty young\/postdoctoral researchers (Microsoft teams group &#8211; MED postdocs) with one departmental representative is now established.<\/p>\n<p><strong>MED \u2013 Extended Research Management (Postdoctoral Representative)<\/strong><\/p>\n<ul>\n<li>Shamundeeswari Anandan (<a href=\"mailto:Shamundeeswari.Anandan@uib.no\">Shamundeeswari.Anandan@uib.no<\/a> ; <a href=\"mailto:samanandhan@gmail.com\">samanandhan@gmail.com<\/a>)<a href=\"https:\/\/k2info.w.uib.no\/files\/2025\/03\/uib-scaled.jpg\"><img loading=\"lazy\" decoding=\"async\" class=\"size-medium wp-image-25180 alignright\" src=\"https:\/\/k2info.w.uib.no\/files\/2025\/03\/uib-300x169.jpg\" alt=\"\" width=\"300\" height=\"169\" srcset=\"https:\/\/k2info.w.uib.no\/files\/2025\/03\/uib-300x169.jpg 300w, https:\/\/k2info.w.uib.no\/files\/2025\/03\/uib-1024x576.jpg 1024w, https:\/\/k2info.w.uib.no\/files\/2025\/03\/uib-768x432.jpg 768w, https:\/\/k2info.w.uib.no\/files\/2025\/03\/uib-1536x864.jpg 1536w, https:\/\/k2info.w.uib.no\/files\/2025\/03\/uib-2048x1152.jpg 2048w, https:\/\/k2info.w.uib.no\/files\/2025\/03\/uib-624x351.jpg 624w\" sizes=\"auto, (max-width: 300px) 100vw, 300px\" \/><\/a><\/li>\n<\/ul>\n<p><strong>Departmental Representatives:<\/strong><\/p>\n<ul>\n<li>Shuntaro\u00a0Yamada (<a href=\"mailto:shuntaro.yamada@uib.no\">shuntaro.yamada@uib.no<\/a>) &#8211; MED IKO,<\/li>\n<li>Krishna\u00a0Aryal (<a href=\"mailto:krishna.aryal@uib.no\">krishna.aryal@uib.no<\/a>)\u00a0&#8211; MED IGS,<\/li>\n<li>Vladan\u00a0Milosevic (<a href=\"mailto:v.milosevic@uib.no\">v.milosevic@uib.no<\/a>)\u00a0&#8211; MED K1,<\/li>\n<li>Thomas\u00a0Michael\u00a0James\u00a0Stevenson (<a href=\"mailto:thomas.stevenson@uib.no\">thomas.stevenson@uib.no<\/a>)\u00a0&#8211; MED IBM,<\/li>\n<li>Ester\u00a0Anne\u00a0Kringeland (<a href=\"mailto:ester.kringeland@uib.no\">ester.kringeland@uib.no<\/a>)\u00a0&#8211; MED K2<\/li>\n<\/ul>\n<p>It is encouraged that all postdoctoral\/early-stage researchers from the respective departments to take this opportunity to contact their contact points to connect on the teams group.[:]<\/p>\n","protected":false},"excerpt":{"rendered":"<p>[:no]En kommunikasjonskanal for MED-fakultetets unge\/postdoktorer (Microsoft teams group &#8211; MED postdocs) med \u00e9n instituttrepresentant er n\u00e5 etablert. MED \u2013 Extended Research Management (postdoktorrepresentant) Shamundeeswari Anandan (Shamundeeswari.Anandan@uib.no ; samanandhan@gmail.com) Avdelingsrepresentanter: Shuntaro Yamada (shuntaro.yamada@uib.no) \u2013 MED IKO, Krishna Aryal (krishna.aryal@uib.no) \u2013 MED&hellip;<\/p>\n<p class=\"more-link-p\"><a class=\"more-link\" href=\"https:\/\/k2info.w.uib.no\/nb_no\/2025\/03\/27\/unge-forskere-ved-med-uib\/\">Read more &rarr;<\/a><\/p>\n","protected":false},"author":5375,"featured_media":0,"comment_status":"open","ping_status":"open","sticky":false,"template":"","format":"standard","meta":{"footnotes":""},"categories":[44],"tags":[],"class_list":["post-25179","post","type-post","status-publish","format-standard","hentry","category-nyheter"],"_links":{"self":[{"href":"https:\/\/k2info.w.uib.no\/nb_no\/wp-json\/wp\/v2\/posts\/25179","targetHints":{"allow":["GET"]}}],"collection":[{"href":"https:\/\/k2info.w.uib.no\/nb_no\/wp-json\/wp\/v2\/posts"}],"about":[{"href":"https:\/\/k2info.w.uib.no\/nb_no\/wp-json\/wp\/v2\/types\/post"}],"author":[{"embeddable":true,"href":"https:\/\/k2info.w.uib.no\/nb_no\/wp-json\/wp\/v2\/users\/5375"}],"replies":[{"embeddable":true,"href":"https:\/\/k2info.w.uib.no\/nb_no\/wp-json\/wp\/v2\/comments?post=25179"}],"version-history":[{"count":1,"href":"https:\/\/k2info.w.uib.no\/nb_no\/wp-json\/wp\/v2\/posts\/25179\/revisions"}],"predecessor-version":[{"id":25181,"href":"https:\/\/k2info.w.uib.no\/nb_no\/wp-json\/wp\/v2\/posts\/25179\/revisions\/25181"}],"wp:attachment":[{"href":"https:\/\/k2info.w.uib.no\/nb_no\/wp-json\/wp\/v2\/media?parent=25179"}],"wp:term":[{"taxonomy":"category","embeddable":true,"href":"https:\/\/k2info.w.uib.no\/nb_no\/wp-json\/wp\/v2\/categories?post=25179"},{"taxonomy":"post_tag","embeddable":true,"href":"https:\/\/k2info.w.uib.no\/nb_no\/wp-json\/wp\/v2\/tags?post=25179"}],"curies":[{"name":"wp","href":"https:\/\/api.w.org\/{rel}","templated":true}]}}