{"id":24978,"date":"2025-03-05T06:45:53","date_gmt":"2025-03-05T05:45:53","guid":{"rendered":"https:\/\/k2info.w.uib.no\/?p=24978"},"modified":"2025-03-07T09:01:23","modified_gmt":"2025-03-07T08:01:23","slug":"seminar-om-kvinnehelse-21-mars","status":"publish","type":"post","link":"https:\/\/k2info.w.uib.no\/nb_no\/2025\/03\/05\/seminar-om-kvinnehelse-21-mars\/","title":{"rendered":"[:no]Seminar om kvinnehelse 21. mars[:en]Seminar on women&#8217;s health March 21[:]"},"content":{"rendered":"<p>[:no]<a href=\"https:\/\/k2info.w.uib.no\/files\/2025\/03\/2332473.jpg\"><img loading=\"lazy\" decoding=\"async\" class=\"alignnone size-full wp-image-24984\" src=\"https:\/\/k2info.w.uib.no\/files\/2025\/03\/2332473.jpg\" alt=\"\" width=\"960\" height=\"548\" srcset=\"https:\/\/k2info.w.uib.no\/files\/2025\/03\/2332473.jpg 960w, https:\/\/k2info.w.uib.no\/files\/2025\/03\/2332473-300x171.jpg 300w, https:\/\/k2info.w.uib.no\/files\/2025\/03\/2332473-768x438.jpg 768w, https:\/\/k2info.w.uib.no\/files\/2025\/03\/2332473-624x356.jpg 624w\" sizes=\"auto, (max-width: 960px) 100vw, 960px\" \/><\/a><\/p>\n<p>Kvinnelige ansatte ved UiB har over dobbelt s\u00e5 h\u00f8yt sykefrav\u00e6r som menn. Kvinnehelse har lenge v\u00e6rt nedprioritert i medisinsk forskning, noe som har f\u00f8rt til kunnskapshull, feildiagnostisering og ulik behandling av kvinner og menn.<\/p>\n<p>Vi setter derfor kvinnehelse p\u00e5 agendaen p\u00e5 UiB, med en kick-off for alle ansatte den 21.mars i Storsalen i Nyg\u00e5rdsgaten 5.<\/p>\n<p>Spre ordet og meld deg p\u00e5 her: <a href=\"https:\/\/www.uib.no\/foransatte\/176297\/kvinnehelse-i-et-livsfaseperspektiv\">Kvinnehelse i et livsfaseperspektiv | For ansatte | UiB<\/a><\/p>\n<p>Beste hilsen<\/p>\n<p>HR- avdelingen og UHVO<\/p>\n<p><a href=\"https:\/\/k2info.w.uib.no\/files\/2025\/03\/Kvinnehelse_plakat_epost.pdf\">Kvinnehelse_plakat_epost<\/a>[:en]<a href=\"https:\/\/k2info.w.uib.no\/files\/2025\/03\/2332473.jpg\"><img loading=\"lazy\" decoding=\"async\" class=\"alignnone size-full wp-image-24984\" src=\"https:\/\/k2info.w.uib.no\/files\/2025\/03\/2332473.jpg\" alt=\"\" width=\"960\" height=\"548\" srcset=\"https:\/\/k2info.w.uib.no\/files\/2025\/03\/2332473.jpg 960w, https:\/\/k2info.w.uib.no\/files\/2025\/03\/2332473-300x171.jpg 300w, https:\/\/k2info.w.uib.no\/files\/2025\/03\/2332473-768x438.jpg 768w, https:\/\/k2info.w.uib.no\/files\/2025\/03\/2332473-624x356.jpg 624w\" sizes=\"auto, (max-width: 960px) 100vw, 960px\" \/><\/a><\/p>\n<p>Female employees at UiB have more than twice as much sick leave as men. Women&#8217;s health has long been a low priority in medical research, which has led to knowledge gaps, misdiagnosis and unequal treatment of women and men.<\/p>\n<p>We are therefore putting women&#8217;s health on the agenda at UiB, with a kick-off for all employees on March 21 in the Great Hall at Nyg\u00e5rdsgaten 5.<\/p>\n<p>Spread the word and register here: Women&#8217;s health in a life-cycle perspective | For employees | UiB<\/p>\n<p>Best regards<\/p>\n<p>HR department and UHVO<\/p>\n<p>Women&#8217;s health_poster_email\u00a0 &#8211; Only available in Norwegian[:]<\/p>\n","protected":false},"excerpt":{"rendered":"<p>[:no] Kvinnelige ansatte ved UiB har over dobbelt s\u00e5 h\u00f8yt sykefrav\u00e6r som menn. Kvinnehelse har lenge v\u00e6rt nedprioritert i medisinsk forskning, noe som har f\u00f8rt til kunnskapshull, feildiagnostisering og ulik behandling av kvinner og menn. Vi setter derfor kvinnehelse p\u00e5&hellip;<\/p>\n<p class=\"more-link-p\"><a class=\"more-link\" href=\"https:\/\/k2info.w.uib.no\/nb_no\/2025\/03\/05\/seminar-om-kvinnehelse-21-mars\/\">Read more &rarr;<\/a><\/p>\n","protected":false},"author":5375,"featured_media":0,"comment_status":"open","ping_status":"open","sticky":false,"template":"","format":"standard","meta":{"footnotes":""},"categories":[44],"tags":[],"class_list":["post-24978","post","type-post","status-publish","format-standard","hentry","category-nyheter"],"_links":{"self":[{"href":"https:\/\/k2info.w.uib.no\/nb_no\/wp-json\/wp\/v2\/posts\/24978","targetHints":{"allow":["GET"]}}],"collection":[{"href":"https:\/\/k2info.w.uib.no\/nb_no\/wp-json\/wp\/v2\/posts"}],"about":[{"href":"https:\/\/k2info.w.uib.no\/nb_no\/wp-json\/wp\/v2\/types\/post"}],"author":[{"embeddable":true,"href":"https:\/\/k2info.w.uib.no\/nb_no\/wp-json\/wp\/v2\/users\/5375"}],"replies":[{"embeddable":true,"href":"https:\/\/k2info.w.uib.no\/nb_no\/wp-json\/wp\/v2\/comments?post=24978"}],"version-history":[{"count":2,"href":"https:\/\/k2info.w.uib.no\/nb_no\/wp-json\/wp\/v2\/posts\/24978\/revisions"}],"predecessor-version":[{"id":24985,"href":"https:\/\/k2info.w.uib.no\/nb_no\/wp-json\/wp\/v2\/posts\/24978\/revisions\/24985"}],"wp:attachment":[{"href":"https:\/\/k2info.w.uib.no\/nb_no\/wp-json\/wp\/v2\/media?parent=24978"}],"wp:term":[{"taxonomy":"category","embeddable":true,"href":"https:\/\/k2info.w.uib.no\/nb_no\/wp-json\/wp\/v2\/categories?post=24978"},{"taxonomy":"post_tag","embeddable":true,"href":"https:\/\/k2info.w.uib.no\/nb_no\/wp-json\/wp\/v2\/tags?post=24978"}],"curies":[{"name":"wp","href":"https:\/\/api.w.org\/{rel}","templated":true}]}}