{"id":24943,"date":"2025-03-04T12:59:08","date_gmt":"2025-03-04T11:59:08","guid":{"rendered":"https:\/\/k2info.w.uib.no\/?p=24943"},"modified":"2025-03-07T09:02:48","modified_gmt":"2025-03-07T08:02:48","slug":"etablere-uib-tjenestesenter-for-lonn-reise-og-fravaer","status":"publish","type":"post","link":"https:\/\/k2info.w.uib.no\/nb_no\/2025\/03\/04\/etablere-uib-tjenestesenter-for-lonn-reise-og-fravaer\/","title":{"rendered":"[:no]Etablere UiB tjenestesenter for l\u00f8nn, reise og frav\u00e6r [:en] Establish UiB service center for pay, travel and absence[:]"},"content":{"rendered":"<p>[:no]<a href=\"https:\/\/k2info.w.uib.no\/files\/2025\/03\/sykefravor.jpg\"><img loading=\"lazy\" decoding=\"async\" class=\"alignnone size-full wp-image-24986\" src=\"https:\/\/k2info.w.uib.no\/files\/2025\/03\/sykefravor.jpg\" alt=\"\" width=\"531\" height=\"375\" srcset=\"https:\/\/k2info.w.uib.no\/files\/2025\/03\/sykefravor.jpg 531w, https:\/\/k2info.w.uib.no\/files\/2025\/03\/sykefravor-300x212.jpg 300w\" sizes=\"auto, (max-width: 531px) 100vw, 531px\" \/><\/a><\/p>\n<p>Denne uken etablerte UiB et tjenestesenter for l\u00f8nn, reise og frav\u00e6r som skal yte tjenester til alle ansatte ved Universitetet. Tjenestesenteret bemannes av de ansatte som i dag arbeider p\u00e5 l\u00f8nnskontoret og i fagspesialistteamet. Hovedform\u00e5let er \u00e5 levere like og kompetente tjenester til alle ansatte. Brukerst\u00f8tten vil legge til rette for mer direkte kontakt mellom deg som ansatt og tjenestesenteret.<\/p>\n<p>Du vil kunne n\u00e5 dem b\u00e5de via Chat, Telefon og UiB hjelp. I tillegg ble en ny nettside lansert 1. mars. <a href=\"https:\/\/www.uib.no\/nb\/foransatte\/175054\/tjenestesenter-l%C3%B8nn-reise-og-frav%C3%A6r\"><em>\u00a0Tjenestesenter for l\u00f8nn, reise og frav\u00e6r.<\/em><\/a><\/p>\n<p>Systemene vi skal bruke vil v\u00e6re de samme som i dag, men kontaktpunktet blir endret og det vil bli lagt stor vekt p\u00e5 service overfor brukerne.<\/p>\n<p>Tjenestesenteret skal:<\/p>\n<ol>\n<li>Drive saksbehandling<\/li>\n<li>Gi st\u00f8tte, r\u00e5d og veiledning<\/li>\n<li>Holde kurs<\/li>\n<\/ol>\n<p>I vedlagte ser dere en oversikt over de tjenestene som Tjenestesenteret skal blant annet ha ansvar for \u00e5 svare p\u00e5 sp\u00f8rsm\u00e5l om l\u00f8nn, permisjoner, ferie, sykemeldinger og reiseregninger. I dag n\u00e5r dere har sp\u00f8rsm\u00e5l om disse tjenestene, tar dere vanligvis kontakt med enten administrasjonssjef eller HR-r\u00e5dgiver. N\u00e5r Tjenestesenteret er etablert skal dere ta direkte kontakt med dem ved sp\u00f8rsm\u00e5l og behov for avklaringer.<\/p>\n<p>For eksempel:<\/p>\n<ol>\n<li>Hva skal jeg gj\u00f8re med denne reiseregningen?<\/li>\n<\/ol>\n<ol>\n<li>Kan jeg flytte ferien min?<\/li>\n<li>Har jeg rett p\u00e5 permisjon fra stillingen min?<\/li>\n<\/ol>\n<p>Men, beslutninger ang\u00e5ende disse temaene som har \u00f8konomiske konsekvenser, skal fortsatt tas p\u00e5 instituttniv\u00e5, enten av instituttleder eller administrasjonssjef. Det betyr at det fortsatt er vi som godkjenner for eksempel permisjoner, reiseregninger, overf\u00f8ring av ferie osv.<\/p>\n<p>Tjenestesenteret sin brukerst\u00f8tte har f\u00f8lgende tre kanaler og \u00e5pningstider:<\/p>\n<ul>\n<li><strong>UiB Hjelp:<\/strong> Hele d\u00f8gnet\u200b<\/li>\n<li><strong>Telefon (via teams eller mobiltelefon):<\/strong> 10.00 \u2013 14.00 \u200b<\/li>\n<\/ul>\n<p><strong>Chat:<\/strong> 9.30 \u2013 14.30<\/p>\n<p><a href=\"https:\/\/k2info.w.uib.no\/files\/2025\/03\/Etablering-av-tjenestesenter_Kort-infopakke.pptx\">Etablering av tjenestesenter_Kort infopakke<\/a>[:en]<a href=\"https:\/\/k2info.w.uib.no\/files\/2025\/03\/sykefravor.jpg\"><img loading=\"lazy\" decoding=\"async\" class=\"alignnone size-full wp-image-24986\" src=\"https:\/\/k2info.w.uib.no\/files\/2025\/03\/sykefravor.jpg\" alt=\"\" width=\"531\" height=\"375\" srcset=\"https:\/\/k2info.w.uib.no\/files\/2025\/03\/sykefravor.jpg 531w, https:\/\/k2info.w.uib.no\/files\/2025\/03\/sykefravor-300x212.jpg 300w\" sizes=\"auto, (max-width: 531px) 100vw, 531px\" \/><\/a><\/p>\n<p><strong>Hello everyone!<\/strong><\/p>\n<p>From 1<sup>st<\/sup> of March, you can contact the <strong>Service Centre for salary, travel, and absence<\/strong> if you need help with, for example, travel expenses, salary, holiday, the self-service portal, leave of absence, and more. The services provided by the Service Centre will largely be the same as those previously delivered by the Salary Section, but there will be an increased focus on user support through a dedicated support team that can assist you with your inquiries.<\/p>\n<p>The Service Centre&#8217;s support team has the following three channels and opening hours:<\/p>\n<ul>\n<li><strong>UiB Help:<\/strong> Available 24\/7<\/li>\n<li><strong>Telephone (via Teams or mobile phone):<\/strong> 10:00 am \u2013 14:00 pm<\/li>\n<li><strong>Chat:<\/strong> 9:30 am \u2013 14:30 pm<\/li>\n<\/ul>\n<p>Find more information on the <strong>Service Centre&#8217;s website<\/strong> here: <a href=\"https:\/\/www.uib.no\/nb\/foransatte\/175054\/tjenestesenter-l%C3%B8nn-reise-og-frav%C3%A6r\">Service Centre for salary, travel, and absence.<\/a><\/p>\n<p><a href=\"https:\/\/k2info.w.uib.no\/files\/2025\/03\/Etablering-av-tjenestesenter_Kort-infopakke.pptx\">Etablering av tjenestesenter_Kort infopakke<\/a><\/p>\n<p><a href=\"https:\/\/k2info.w.uib.no\/files\/2025\/03\/Etablering-av-tjenestesenter_Kort-infopakke.pptx\">Etablering av tjenestesenter_Kort infopakke<\/a>[:]<\/p>\n","protected":false},"excerpt":{"rendered":"<p>[:no] Denne uken etablerte UiB et tjenestesenter for l\u00f8nn, reise og frav\u00e6r som skal yte tjenester til alle ansatte ved Universitetet. Tjenestesenteret bemannes av de ansatte som i dag arbeider p\u00e5 l\u00f8nnskontoret og i fagspesialistteamet. Hovedform\u00e5let er \u00e5 levere like&hellip;<\/p>\n<p class=\"more-link-p\"><a class=\"more-link\" href=\"https:\/\/k2info.w.uib.no\/nb_no\/2025\/03\/04\/etablere-uib-tjenestesenter-for-lonn-reise-og-fravaer\/\">Read more &rarr;<\/a><\/p>\n","protected":false},"author":5375,"featured_media":0,"comment_status":"open","ping_status":"open","sticky":false,"template":"","format":"standard","meta":{"footnotes":""},"categories":[44],"tags":[],"class_list":["post-24943","post","type-post","status-publish","format-standard","hentry","category-nyheter"],"_links":{"self":[{"href":"https:\/\/k2info.w.uib.no\/nb_no\/wp-json\/wp\/v2\/posts\/24943","targetHints":{"allow":["GET"]}}],"collection":[{"href":"https:\/\/k2info.w.uib.no\/nb_no\/wp-json\/wp\/v2\/posts"}],"about":[{"href":"https:\/\/k2info.w.uib.no\/nb_no\/wp-json\/wp\/v2\/types\/post"}],"author":[{"embeddable":true,"href":"https:\/\/k2info.w.uib.no\/nb_no\/wp-json\/wp\/v2\/users\/5375"}],"replies":[{"embeddable":true,"href":"https:\/\/k2info.w.uib.no\/nb_no\/wp-json\/wp\/v2\/comments?post=24943"}],"version-history":[{"count":2,"href":"https:\/\/k2info.w.uib.no\/nb_no\/wp-json\/wp\/v2\/posts\/24943\/revisions"}],"predecessor-version":[{"id":24987,"href":"https:\/\/k2info.w.uib.no\/nb_no\/wp-json\/wp\/v2\/posts\/24943\/revisions\/24987"}],"wp:attachment":[{"href":"https:\/\/k2info.w.uib.no\/nb_no\/wp-json\/wp\/v2\/media?parent=24943"}],"wp:term":[{"taxonomy":"category","embeddable":true,"href":"https:\/\/k2info.w.uib.no\/nb_no\/wp-json\/wp\/v2\/categories?post=24943"},{"taxonomy":"post_tag","embeddable":true,"href":"https:\/\/k2info.w.uib.no\/nb_no\/wp-json\/wp\/v2\/tags?post=24943"}],"curies":[{"name":"wp","href":"https:\/\/api.w.org\/{rel}","templated":true}]}}