{"id":24786,"date":"2025-02-05T12:31:16","date_gmt":"2025-02-05T11:31:16","guid":{"rendered":"https:\/\/k2info.w.uib.no\/?p=24786"},"modified":"2025-02-05T12:31:16","modified_gmt":"2025-02-05T11:31:16","slug":"invitasjon","status":"publish","type":"post","link":"https:\/\/k2info.w.uib.no\/nb_no\/2025\/02\/05\/invitasjon\/","title":{"rendered":"[:no]Invitasjon[:en]Invitation[:]"},"content":{"rendered":"<p>[:no]Hei alle,<\/p>\n<p>Vennligst se den korte informasjonen nedenfor for neste nyhetsbrev fra instituttet.<\/p>\n<p><strong>Invitasjon til Mobiliseringsseminar og Kaf\u00e9dialog 24. Mars! Ny utlysning!<\/strong><\/p>\n<p><strong>NY UTLYSNING FRA FORSKNINGSR\u00c5DET \u2013 OM B\u00c6REKRAFTIGE HELSE- OG OMSORGSTJENESTER MED S\u00d8KNADSFRIST 24. SEPTEMBER 2025!<\/strong><\/p>\n<p>Vi gjentar suksessen fra 2024 og inviterer til <strong>mobiliseringsseminar og kaf\u00e9dialog den 24. mars i Alrek Helseklynge (Midgard) fra kl 14.00 \u2013 16.00<\/strong> med mulighet for mingling, m\u00f8te forskere, og hvor det kan l\u00f8ftes frem kunnskapsbehov eventuelt gjenbruke s\u00f8knad som ble sendt i 2024. Kommunene f\u00e5r eget kaf\u00e9bord (se p\u00e5melding). Det blir lett servering. Arrangementet er gratis. P\u00e5melding finnes her:<\/p>\n<p><a href=\"https:\/\/alrekhelseklynge.no\/arrangementer\/mobiliseringsseminar-104-mill-til-forskning-pa-helse-og-omsorg-i-kommunene\/\">https:\/\/alrekhelseklynge.no\/arrangementer\/mobiliseringsseminar-104-mill-til-forskning-pa-helse-og-omsorg-i-kommunene\/<\/a><\/p>\n<p>Spre det gjerne internt; vi ser frem til \u00e5 m\u00f8te dere.<\/p>\n<p>Hjertelig velkommen![:en]<strong>Invitation to Mobilization Seminar and Caf\u00e9 Dialogue on March 24th! New Announcement!<\/strong><\/p>\n<p><strong>NEW ANNOUNCEMENT FROM THE RESEARCH COUNCIL \u2013 ON SUSTAINABLE HEALTH AND CARE SERVICES WITH APPLICATION DEADLINE SEPTEMBER 24, 2025!<\/strong><\/p>\n<p>We are repeating the success from 2024 and invite you to a mobilization seminar and caf\u00e9 dialogue on March 24th at Alrek Health Cluster (Midgard) from 14:00 to 16:00. There will be opportunities for mingling, meeting researchers, and highlighting knowledge needs or reusing applications submitted in 2024. Municipalities will have their own caf\u00e9 table (see registration). Light refreshments will be served. The event is free. Registration can be found here:<\/p>\n<p><a href=\"https:\/\/alrekhelseklynge.no\/arrangementer\/mobiliseringsseminar-104-mill-til-forskning-pa-helse-og-omsorg-i-kommunene\/\">https:\/\/alrekhelseklynge.no\/arrangementer\/mobiliseringsseminar-104-mill-til-forskning-pa-helse-og-omsorg-i-kommunene\/<\/a><\/p>\n<p>Please share internally; we look forward to seeing you.<\/p>\n<p>Warm welcome![:]<\/p>\n","protected":false},"excerpt":{"rendered":"<p>[:no]Hei alle, Vennligst se den korte informasjonen nedenfor for neste nyhetsbrev fra instituttet. Invitasjon til Mobiliseringsseminar og Kaf\u00e9dialog 24. Mars! Ny utlysning! NY UTLYSNING FRA FORSKNINGSR\u00c5DET \u2013 OM B\u00c6REKRAFTIGE HELSE- OG OMSORGSTJENESTER MED S\u00d8KNADSFRIST 24. SEPTEMBER 2025! Vi gjentar suksessen&hellip;<\/p>\n<p class=\"more-link-p\"><a class=\"more-link\" href=\"https:\/\/k2info.w.uib.no\/nb_no\/2025\/02\/05\/invitasjon\/\">Read more &rarr;<\/a><\/p>\n","protected":false},"author":5375,"featured_media":0,"comment_status":"open","ping_status":"open","sticky":false,"template":"","format":"standard","meta":{"footnotes":""},"categories":[44],"tags":[],"class_list":["post-24786","post","type-post","status-publish","format-standard","hentry","category-nyheter"],"_links":{"self":[{"href":"https:\/\/k2info.w.uib.no\/nb_no\/wp-json\/wp\/v2\/posts\/24786","targetHints":{"allow":["GET"]}}],"collection":[{"href":"https:\/\/k2info.w.uib.no\/nb_no\/wp-json\/wp\/v2\/posts"}],"about":[{"href":"https:\/\/k2info.w.uib.no\/nb_no\/wp-json\/wp\/v2\/types\/post"}],"author":[{"embeddable":true,"href":"https:\/\/k2info.w.uib.no\/nb_no\/wp-json\/wp\/v2\/users\/5375"}],"replies":[{"embeddable":true,"href":"https:\/\/k2info.w.uib.no\/nb_no\/wp-json\/wp\/v2\/comments?post=24786"}],"version-history":[{"count":1,"href":"https:\/\/k2info.w.uib.no\/nb_no\/wp-json\/wp\/v2\/posts\/24786\/revisions"}],"predecessor-version":[{"id":24787,"href":"https:\/\/k2info.w.uib.no\/nb_no\/wp-json\/wp\/v2\/posts\/24786\/revisions\/24787"}],"wp:attachment":[{"href":"https:\/\/k2info.w.uib.no\/nb_no\/wp-json\/wp\/v2\/media?parent=24786"}],"wp:term":[{"taxonomy":"category","embeddable":true,"href":"https:\/\/k2info.w.uib.no\/nb_no\/wp-json\/wp\/v2\/categories?post=24786"},{"taxonomy":"post_tag","embeddable":true,"href":"https:\/\/k2info.w.uib.no\/nb_no\/wp-json\/wp\/v2\/tags?post=24786"}],"curies":[{"name":"wp","href":"https:\/\/api.w.org\/{rel}","templated":true}]}}