{"id":24627,"date":"2025-01-16T10:21:57","date_gmt":"2025-01-16T09:21:57","guid":{"rendered":"https:\/\/k2info.w.uib.no\/?p=24627"},"modified":"2025-01-16T10:21:57","modified_gmt":"2025-01-16T09:21:57","slug":"forhandskunngjoring-utlysning-av-forslag-om-ansvarlig-bruk-av-kunstig-intelligens","status":"publish","type":"post","link":"https:\/\/k2info.w.uib.no\/nb_no\/2025\/01\/16\/forhandskunngjoring-utlysning-av-forslag-om-ansvarlig-bruk-av-kunstig-intelligens\/","title":{"rendered":"[:no]Forh\u00e5ndskunngj\u00f8ring: Utlysning av forslag om ansvarlig bruk av kunstig intelligens[:en]Pre-announcement: Call for proposals on responsible use of Artificial Intelligence[:]"},"content":{"rendered":"<p>[:no]NordForsk planlegger en utlysning av forslag om ansvarlig bruk av kunstig intelligens basert p\u00e5 et nordisk-baltisk initiativ. Utlysningen \u00e5pner i februar 2025.<\/p>\n<p>NordForsk har som m\u00e5l \u00e5 finansiere prosjekter som tar opp felles nordiske og nordisk-baltiske samfunnsutfordringer i sammenheng med omfattende bruk og implementering av kunstig intelligens i regionen. Disse utfordringene inkluderer, men er ikke begrenset til, aldrende befolkninger, p\u00e5g\u00e5ende strukturelle utviklinger i arbeidsmarkedet, samfunnsmessig og politisk polarisering, helsesystemer, utdanning, kompetanseutvikling og livslang l\u00e6ring og den gr\u00f8nne omstillingen av \u00f8konomien.<\/p>\n<p>Dette initiativet s\u00f8ker \u00e5 utforske bruken, utviklingen og implementeringen av kunstig intelligens p\u00e5 individuelt, organisatorisk og samfunnsniv\u00e5, og skape forutsetninger for ansvarlige og kritiske fremtidige tiln\u00e6rminger.<\/p>\n<p><a class=\"fui-Link ___140mk30 f2hkw1w f3rmtva f1ewtqcl fyind8e f1k6fduh f1w7gpdv fk6fouc fjoy568 flh3ekv f1s184ao f1mk8lai fnbmjn9 f1o700av f13mvf36 f1cmlufx f9n3di6 f1ids18y f1tx3yz7 f1deo86v f1eh06m1 f1iescvh fhgqx19 f1olyrje f1p93eir f1nev41a\" href=\"https:\/\/www.nordforsk.org\/news\/pre-announcement-call-proposals-responsible-use-artificial-intelligence\" target=\"_blank\" rel=\"noopener\">Les mer her<\/a>.<\/p>\n<p><a href=\"https:\/\/k2info.w.uib.no\/files\/2025\/01\/fe4.jpg\"><img loading=\"lazy\" decoding=\"async\" class=\"alignnone size-full wp-image-24628\" src=\"https:\/\/k2info.w.uib.no\/files\/2025\/01\/fe4.jpg\" alt=\"\" width=\"458\" height=\"110\" srcset=\"https:\/\/k2info.w.uib.no\/files\/2025\/01\/fe4.jpg 458w, https:\/\/k2info.w.uib.no\/files\/2025\/01\/fe4-300x72.jpg 300w\" sizes=\"auto, (max-width: 458px) 100vw, 458px\" \/><\/a>[:en]<strong>Pre-announc<\/strong>NordForsk plans a call for proposals on responsible use of Artificial Intelligence based on a Nordic-Baltic initiative. The call for proposals will open in February 2025.<\/p>\n<p>NordForsk aims to fund projects that address shared Nordic and Nordic-Baltic societal challenges in the context of extensive use and implementation of AI in the region. These challenges include, but are not limited to, ageing populations, ongoing structural developments in the labour market, societal and political polarisation, health systems, education, competence development and lifelong learning and the green transition of the economy.<\/p>\n<p>This initiative seeks to explore the use, development and implementation of AI, on an individual, organisational and societal level, creating prerequisites for responsible and critical future approaches.<\/p>\n<p><a href=\"https:\/\/www.nordforsk.org\/news\/pre-announcement-call-proposals-responsible-use-artificial-intelligence\">https:\/\/www.nordforsk.org\/news\/pre-announcement-call-proposals-responsible-use-artificial-intelligence<\/a><\/p>\n<p><a href=\"https:\/\/k2info.w.uib.no\/files\/2025\/01\/fe4.jpg\"><img loading=\"lazy\" decoding=\"async\" class=\"alignnone size-full wp-image-24628\" src=\"https:\/\/k2info.w.uib.no\/files\/2025\/01\/fe4.jpg\" alt=\"\" width=\"458\" height=\"110\" srcset=\"https:\/\/k2info.w.uib.no\/files\/2025\/01\/fe4.jpg 458w, https:\/\/k2info.w.uib.no\/files\/2025\/01\/fe4-300x72.jpg 300w\" sizes=\"auto, (max-width: 458px) 100vw, 458px\" \/><\/a>[:]<\/p>\n","protected":false},"excerpt":{"rendered":"<p>[:no]NordForsk planlegger en utlysning av forslag om ansvarlig bruk av kunstig intelligens basert p\u00e5 et nordisk-baltisk initiativ. Utlysningen \u00e5pner i februar 2025. NordForsk har som m\u00e5l \u00e5 finansiere prosjekter som tar opp felles nordiske og nordisk-baltiske samfunnsutfordringer i sammenheng med&hellip;<\/p>\n<p class=\"more-link-p\"><a class=\"more-link\" href=\"https:\/\/k2info.w.uib.no\/nb_no\/2025\/01\/16\/forhandskunngjoring-utlysning-av-forslag-om-ansvarlig-bruk-av-kunstig-intelligens\/\">Read more &rarr;<\/a><\/p>\n","protected":false},"author":5375,"featured_media":0,"comment_status":"open","ping_status":"open","sticky":false,"template":"","format":"standard","meta":{"footnotes":""},"categories":[44],"tags":[],"class_list":["post-24627","post","type-post","status-publish","format-standard","hentry","category-nyheter"],"_links":{"self":[{"href":"https:\/\/k2info.w.uib.no\/nb_no\/wp-json\/wp\/v2\/posts\/24627","targetHints":{"allow":["GET"]}}],"collection":[{"href":"https:\/\/k2info.w.uib.no\/nb_no\/wp-json\/wp\/v2\/posts"}],"about":[{"href":"https:\/\/k2info.w.uib.no\/nb_no\/wp-json\/wp\/v2\/types\/post"}],"author":[{"embeddable":true,"href":"https:\/\/k2info.w.uib.no\/nb_no\/wp-json\/wp\/v2\/users\/5375"}],"replies":[{"embeddable":true,"href":"https:\/\/k2info.w.uib.no\/nb_no\/wp-json\/wp\/v2\/comments?post=24627"}],"version-history":[{"count":1,"href":"https:\/\/k2info.w.uib.no\/nb_no\/wp-json\/wp\/v2\/posts\/24627\/revisions"}],"predecessor-version":[{"id":24629,"href":"https:\/\/k2info.w.uib.no\/nb_no\/wp-json\/wp\/v2\/posts\/24627\/revisions\/24629"}],"wp:attachment":[{"href":"https:\/\/k2info.w.uib.no\/nb_no\/wp-json\/wp\/v2\/media?parent=24627"}],"wp:term":[{"taxonomy":"category","embeddable":true,"href":"https:\/\/k2info.w.uib.no\/nb_no\/wp-json\/wp\/v2\/categories?post=24627"},{"taxonomy":"post_tag","embeddable":true,"href":"https:\/\/k2info.w.uib.no\/nb_no\/wp-json\/wp\/v2\/tags?post=24627"}],"curies":[{"name":"wp","href":"https:\/\/api.w.org\/{rel}","templated":true}]}}