{"id":24178,"date":"2024-11-07T12:18:01","date_gmt":"2024-11-07T11:18:01","guid":{"rendered":"https:\/\/k2info.w.uib.no\/?p=24178"},"modified":"2024-11-07T12:26:13","modified_gmt":"2024-11-07T11:26:13","slug":"felleslunsj-for-vitenskapelige","status":"publish","type":"post","link":"https:\/\/k2info.w.uib.no\/nb_no\/2024\/11\/07\/felleslunsj-for-vitenskapelige\/","title":{"rendered":"[:no]Felleslunsj for vitenskapelige[:en]Joint Lunch for Academic Staff[:]"},"content":{"rendered":"<p>[:no]<a href=\"https:\/\/k2info.w.uib.no\/files\/2024\/11\/COLOURBOX29014199-scaled-1.jpg\"><img loading=\"lazy\" decoding=\"async\" class=\"alignnone size-medium wp-image-24186\" src=\"https:\/\/k2info.w.uib.no\/files\/2024\/11\/COLOURBOX29014199-scaled-1-300x200.jpg\" alt=\"\" width=\"300\" height=\"200\" srcset=\"https:\/\/k2info.w.uib.no\/files\/2024\/11\/COLOURBOX29014199-scaled-1-300x200.jpg 300w, https:\/\/k2info.w.uib.no\/files\/2024\/11\/COLOURBOX29014199-scaled-1-1024x683.jpg 1024w, https:\/\/k2info.w.uib.no\/files\/2024\/11\/COLOURBOX29014199-scaled-1-768x512.jpg 768w, https:\/\/k2info.w.uib.no\/files\/2024\/11\/COLOURBOX29014199-scaled-1-1536x1024.jpg 1536w, https:\/\/k2info.w.uib.no\/files\/2024\/11\/COLOURBOX29014199-scaled-1-2048x1366.jpg 2048w, https:\/\/k2info.w.uib.no\/files\/2024\/11\/COLOURBOX29014199-scaled-1-624x416.jpg 624w\" sizes=\"auto, (max-width: 300px) 100vw, 300px\" \/><\/a><\/p>\n<p>Bli kjent med kollegaene dine! Fakultetsledelsen gjentar suksessen fra sist og inviterer alle vitenskapelige ansatte, fra PhD-kandidater til professorer, til felles lunsj onsdag 6. november, kl. 11:30 i EITRI. Hensikten er rett og slett \u00e5 m\u00f8tes p\u00e5 tvers av fagmilj\u00f8er og institutter slik at vi blir bedre kjent med hverandre. Enkel lunsj serveres. P\u00e5melding er ikke n\u00f8dvendig<\/p>\n<p>I h\u00f8st vil det bli arrangert felleslunsj ogs\u00e5 11\/12, kl. 11:30 i EITRI.<\/p>\n<p>Velkommen!<\/p>\n<p>Mvh<br \/>\nPer[:en]<a href=\"https:\/\/k2info.w.uib.no\/files\/2024\/11\/COLOURBOX29014199-scaled-1.jpg\"><img loading=\"lazy\" decoding=\"async\" class=\"alignnone size-medium wp-image-24186\" src=\"https:\/\/k2info.w.uib.no\/files\/2024\/11\/COLOURBOX29014199-scaled-1-300x200.jpg\" alt=\"\" width=\"300\" height=\"200\" srcset=\"https:\/\/k2info.w.uib.no\/files\/2024\/11\/COLOURBOX29014199-scaled-1-300x200.jpg 300w, https:\/\/k2info.w.uib.no\/files\/2024\/11\/COLOURBOX29014199-scaled-1-1024x683.jpg 1024w, https:\/\/k2info.w.uib.no\/files\/2024\/11\/COLOURBOX29014199-scaled-1-768x512.jpg 768w, https:\/\/k2info.w.uib.no\/files\/2024\/11\/COLOURBOX29014199-scaled-1-1536x1024.jpg 1536w, https:\/\/k2info.w.uib.no\/files\/2024\/11\/COLOURBOX29014199-scaled-1-2048x1366.jpg 2048w, https:\/\/k2info.w.uib.no\/files\/2024\/11\/COLOURBOX29014199-scaled-1-624x416.jpg 624w\" sizes=\"auto, (max-width: 300px) 100vw, 300px\" \/><\/a><\/p>\n<p>Get to know your colleagues! The faculty leadership invites all academic staff, from PhD candidates to professors, to a joint lunch on Wednesday, November 6th, at 11:30 in EITRI. The purpose is simply to meet across disciplines and departments to get to know each other better. Sandwiches will be served. No registration is needed.<\/p>\n<p>This autumn, joint lunch will also be organized on 11\/12, at 11:30 in EITRI.<\/p>\n<p>Welcome!<\/p>\n<p>Best wishes<br \/>\nPer[:]<\/p>\n","protected":false},"excerpt":{"rendered":"<p>[:no] Bli kjent med kollegaene dine! Fakultetsledelsen gjentar suksessen fra sist og inviterer alle vitenskapelige ansatte, fra PhD-kandidater til professorer, til felles lunsj onsdag 6. november, kl. 11:30 i EITRI. Hensikten er rett og slett \u00e5 m\u00f8tes p\u00e5 tvers av&hellip;<\/p>\n<p class=\"more-link-p\"><a class=\"more-link\" href=\"https:\/\/k2info.w.uib.no\/nb_no\/2024\/11\/07\/felleslunsj-for-vitenskapelige\/\">Read more &rarr;<\/a><\/p>\n","protected":false},"author":5375,"featured_media":0,"comment_status":"open","ping_status":"open","sticky":false,"template":"","format":"standard","meta":{"footnotes":""},"categories":[44],"tags":[],"class_list":["post-24178","post","type-post","status-publish","format-standard","hentry","category-nyheter"],"_links":{"self":[{"href":"https:\/\/k2info.w.uib.no\/nb_no\/wp-json\/wp\/v2\/posts\/24178","targetHints":{"allow":["GET"]}}],"collection":[{"href":"https:\/\/k2info.w.uib.no\/nb_no\/wp-json\/wp\/v2\/posts"}],"about":[{"href":"https:\/\/k2info.w.uib.no\/nb_no\/wp-json\/wp\/v2\/types\/post"}],"author":[{"embeddable":true,"href":"https:\/\/k2info.w.uib.no\/nb_no\/wp-json\/wp\/v2\/users\/5375"}],"replies":[{"embeddable":true,"href":"https:\/\/k2info.w.uib.no\/nb_no\/wp-json\/wp\/v2\/comments?post=24178"}],"version-history":[{"count":2,"href":"https:\/\/k2info.w.uib.no\/nb_no\/wp-json\/wp\/v2\/posts\/24178\/revisions"}],"predecessor-version":[{"id":24187,"href":"https:\/\/k2info.w.uib.no\/nb_no\/wp-json\/wp\/v2\/posts\/24178\/revisions\/24187"}],"wp:attachment":[{"href":"https:\/\/k2info.w.uib.no\/nb_no\/wp-json\/wp\/v2\/media?parent=24178"}],"wp:term":[{"taxonomy":"category","embeddable":true,"href":"https:\/\/k2info.w.uib.no\/nb_no\/wp-json\/wp\/v2\/categories?post=24178"},{"taxonomy":"post_tag","embeddable":true,"href":"https:\/\/k2info.w.uib.no\/nb_no\/wp-json\/wp\/v2\/tags?post=24178"}],"curies":[{"name":"wp","href":"https:\/\/api.w.org\/{rel}","templated":true}]}}