{"id":24093,"date":"2024-10-24T11:56:09","date_gmt":"2024-10-24T10:56:09","guid":{"rendered":"https:\/\/k2info.w.uib.no\/?p=24093"},"modified":"2024-10-24T11:56:09","modified_gmt":"2024-10-24T10:56:09","slug":"digital-morgenkaffe-med-rektor-2","status":"publish","type":"post","link":"https:\/\/k2info.w.uib.no\/nb_no\/2024\/10\/24\/digital-morgenkaffe-med-rektor-2\/","title":{"rendered":"[:no]Digital morgenkaffe med rektor[:]"},"content":{"rendered":"<p>[:no]<div id=\"attachment_24094\" style=\"width: 1270px\" class=\"wp-caption alignnone\"><a href=\"https:\/\/k2info.w.uib.no\/files\/2024\/10\/margarethhagenaug2023_3.jpg\"><img loading=\"lazy\" decoding=\"async\" aria-describedby=\"caption-attachment-24094\" class=\"wp-image-24094 size-full\" src=\"https:\/\/k2info.w.uib.no\/files\/2024\/10\/margarethhagenaug2023_3.jpg\" alt=\"Portrett av rektor\" width=\"1260\" height=\"840\" srcset=\"https:\/\/k2info.w.uib.no\/files\/2024\/10\/margarethhagenaug2023_3.jpg 1260w, https:\/\/k2info.w.uib.no\/files\/2024\/10\/margarethhagenaug2023_3-300x200.jpg 300w, https:\/\/k2info.w.uib.no\/files\/2024\/10\/margarethhagenaug2023_3-1024x683.jpg 1024w, https:\/\/k2info.w.uib.no\/files\/2024\/10\/margarethhagenaug2023_3-768x512.jpg 768w, https:\/\/k2info.w.uib.no\/files\/2024\/10\/margarethhagenaug2023_3-624x416.jpg 624w\" sizes=\"auto, (max-width: 1260px) 100vw, 1260px\" \/><\/a><p id=\"caption-attachment-24094\" class=\"wp-caption-text\">Foto\/ill.: Torill Sommerfelt Ervik, UiB<\/p><\/div><\/p>\n<p>Kj\u00e6re kolleger,<\/p>\n<p>Velkommen til digital morgenkaffe tirsdag 29. oktober, 08:30-09:00.<\/p>\n<p>I begynnelsen av oktober ble regjeringens forslag til statsbudsjett for 2025 offentliggjort. Det var nok et skuffende budsjett for v\u00e5r sektor. Hovedtema for morgenkaffen denne gang blir derfor politiske prioriteringer for kunnskapssektoren.<\/p>\n<p>I tillegg vil jeg svare p\u00e5 innsendte sp\u00f8rsm\u00e5l.\u00a0<a href=\"https:\/\/skjemaker.app.uib.no\/view.php?id=17894492\">Bruk dette skjemaet hvis du \u00f8nsker \u00e5 sende inn et sp\u00f8rsm\u00e5l (lenke)<\/a><\/p>\n<p>Lenke til morgenkaffen finner du her:\u00a0<a href=\"https:\/\/uib.zoom.us\/j\/63842748209?pwd=00TJ1kHrS4NyUx4wCKcyc6uCi3tdwO.1\">uib.zoom.us\/j\/63842748209?pwd=00TJ1kHrS4NyUx4wCKcyc6uCi3tdwO.1<\/a><br \/>\nPassord:\u00a04qZ02UsA<\/p>\n<p>Legg gjerne arrangementet i din egen kalender. Samtalen gjennomf\u00f8res p\u00e5 norsk.<\/p>\n<p>Vennlig hilsen<br \/>\nMargareth Hagen, rektor[:]<\/p>\n","protected":false},"excerpt":{"rendered":"<p>[:no] Kj\u00e6re kolleger, Velkommen til digital morgenkaffe tirsdag 29. oktober, 08:30-09:00. I begynnelsen av oktober ble regjeringens forslag til statsbudsjett for 2025 offentliggjort. Det var nok et skuffende budsjett for v\u00e5r sektor. Hovedtema for morgenkaffen denne gang blir derfor politiske&hellip;<\/p>\n<p class=\"more-link-p\"><a class=\"more-link\" href=\"https:\/\/k2info.w.uib.no\/nb_no\/2024\/10\/24\/digital-morgenkaffe-med-rektor-2\/\">Read more &rarr;<\/a><\/p>\n","protected":false},"author":5051,"featured_media":0,"comment_status":"open","ping_status":"open","sticky":false,"template":"","format":"standard","meta":{"footnotes":""},"categories":[44],"tags":[],"class_list":["post-24093","post","type-post","status-publish","format-standard","hentry","category-nyheter"],"_links":{"self":[{"href":"https:\/\/k2info.w.uib.no\/nb_no\/wp-json\/wp\/v2\/posts\/24093","targetHints":{"allow":["GET"]}}],"collection":[{"href":"https:\/\/k2info.w.uib.no\/nb_no\/wp-json\/wp\/v2\/posts"}],"about":[{"href":"https:\/\/k2info.w.uib.no\/nb_no\/wp-json\/wp\/v2\/types\/post"}],"author":[{"embeddable":true,"href":"https:\/\/k2info.w.uib.no\/nb_no\/wp-json\/wp\/v2\/users\/5051"}],"replies":[{"embeddable":true,"href":"https:\/\/k2info.w.uib.no\/nb_no\/wp-json\/wp\/v2\/comments?post=24093"}],"version-history":[{"count":1,"href":"https:\/\/k2info.w.uib.no\/nb_no\/wp-json\/wp\/v2\/posts\/24093\/revisions"}],"predecessor-version":[{"id":24095,"href":"https:\/\/k2info.w.uib.no\/nb_no\/wp-json\/wp\/v2\/posts\/24093\/revisions\/24095"}],"wp:attachment":[{"href":"https:\/\/k2info.w.uib.no\/nb_no\/wp-json\/wp\/v2\/media?parent=24093"}],"wp:term":[{"taxonomy":"category","embeddable":true,"href":"https:\/\/k2info.w.uib.no\/nb_no\/wp-json\/wp\/v2\/categories?post=24093"},{"taxonomy":"post_tag","embeddable":true,"href":"https:\/\/k2info.w.uib.no\/nb_no\/wp-json\/wp\/v2\/tags?post=24093"}],"curies":[{"name":"wp","href":"https:\/\/api.w.org\/{rel}","templated":true}]}}