{"id":23997,"date":"2024-10-11T09:05:48","date_gmt":"2024-10-11T08:05:48","guid":{"rendered":"https:\/\/k2info.w.uib.no\/?p=23997"},"modified":"2024-10-11T09:05:48","modified_gmt":"2024-10-11T08:05:48","slug":"seminar-om-studentmobilitet-i-helse-og-sosialfaglege-utdanningar-2","status":"publish","type":"post","link":"https:\/\/k2info.w.uib.no\/nb_no\/2024\/10\/11\/seminar-om-studentmobilitet-i-helse-og-sosialfaglege-utdanningar-2\/","title":{"rendered":"[:no]Seminar om studentmobilitet i helse- og sosialfaglege utdanningar[:]"},"content":{"rendered":"<p>[:no]HK-dir har saman med H\u00f8gskulen p\u00e5 Vestlandet gleda av \u00e5 invitere til dagsseminar om auka studentmobilitet i helse- og sosialfaglege utdanningar.<\/p>\n<p>Tidspunkt: 29. oktober 2024 kl. 09.00- 29. oktober 2024 kl. 15.45<br \/>\nStad: H\u00f8gskulen p\u00e5 Vestlandet, campus Bergen (Kronstad) \u2022 Fysisk<\/p>\n<p>Korleis kan ein som institusjon og fagmilj\u00f8 jobbe for \u00e5 auke talet p\u00e5 studentar som tek studie- og praksisopphald i utlandet?<\/p>\n<p>Prosjekta med st\u00f8tte gjennom &laquo;Program for \u00f8kt studentmobilitet&raquo; arbeider med fleire sider av mobilitet, og pr\u00f8ver ut ulike tiltak for \u00e5 auke dette talet. I l\u00f8pet av seminaret vil vi f\u00e5 eksempel fr\u00e5 prosjekt som har oppn\u00e5dd gode resultat, og som deler kunnskap og erfaringar dei har gjort seg. Kva fungerer, kva fungerer ikkje?<br \/>\nSeminaret vil best\u00e5 av ei blanding av innlegg i plenum og gruppearbeid.<\/p>\n<p><a href=\"https:\/\/hkdir.no\/arrangementer\/seminar-om-studentmobilitet-i-helse-og-sosialfaglege-utdanningar\">https:\/\/hkdir.no\/arrangementer\/seminar-om-studentmobilitet-i-helse-og-sosialfaglege-utdanningar<\/a><\/p>\n<p><a href=\"https:\/\/k2info.w.uib.no\/files\/2024\/10\/Dir-hoyere-utdanning.png\"><img loading=\"lazy\" decoding=\"async\" class=\"alignnone size-full wp-image-23998\" src=\"https:\/\/k2info.w.uib.no\/files\/2024\/10\/Dir-hoyere-utdanning.png\" alt=\"\" width=\"357\" height=\"141\" srcset=\"https:\/\/k2info.w.uib.no\/files\/2024\/10\/Dir-hoyere-utdanning.png 357w, https:\/\/k2info.w.uib.no\/files\/2024\/10\/Dir-hoyere-utdanning-300x118.png 300w\" sizes=\"auto, (max-width: 357px) 100vw, 357px\" \/><\/a>[:]<\/p>\n","protected":false},"excerpt":{"rendered":"<p>[:no]HK-dir har saman med H\u00f8gskulen p\u00e5 Vestlandet gleda av \u00e5 invitere til dagsseminar om auka studentmobilitet i helse- og sosialfaglege utdanningar. Tidspunkt: 29. oktober 2024 kl. 09.00- 29. oktober 2024 kl. 15.45 Stad: H\u00f8gskulen p\u00e5 Vestlandet, campus Bergen (Kronstad) \u2022&hellip;<\/p>\n<p class=\"more-link-p\"><a class=\"more-link\" href=\"https:\/\/k2info.w.uib.no\/nb_no\/2024\/10\/11\/seminar-om-studentmobilitet-i-helse-og-sosialfaglege-utdanningar-2\/\">Read more &rarr;<\/a><\/p>\n","protected":false},"author":2783,"featured_media":0,"comment_status":"open","ping_status":"open","sticky":false,"template":"","format":"standard","meta":{"footnotes":""},"categories":[44,45498],"tags":[],"class_list":["post-23997","post","type-post","status-publish","format-standard","hentry","category-nyheter","category-seminar-kurs-og-konferanser"],"_links":{"self":[{"href":"https:\/\/k2info.w.uib.no\/nb_no\/wp-json\/wp\/v2\/posts\/23997","targetHints":{"allow":["GET"]}}],"collection":[{"href":"https:\/\/k2info.w.uib.no\/nb_no\/wp-json\/wp\/v2\/posts"}],"about":[{"href":"https:\/\/k2info.w.uib.no\/nb_no\/wp-json\/wp\/v2\/types\/post"}],"author":[{"embeddable":true,"href":"https:\/\/k2info.w.uib.no\/nb_no\/wp-json\/wp\/v2\/users\/2783"}],"replies":[{"embeddable":true,"href":"https:\/\/k2info.w.uib.no\/nb_no\/wp-json\/wp\/v2\/comments?post=23997"}],"version-history":[{"count":1,"href":"https:\/\/k2info.w.uib.no\/nb_no\/wp-json\/wp\/v2\/posts\/23997\/revisions"}],"predecessor-version":[{"id":23999,"href":"https:\/\/k2info.w.uib.no\/nb_no\/wp-json\/wp\/v2\/posts\/23997\/revisions\/23999"}],"wp:attachment":[{"href":"https:\/\/k2info.w.uib.no\/nb_no\/wp-json\/wp\/v2\/media?parent=23997"}],"wp:term":[{"taxonomy":"category","embeddable":true,"href":"https:\/\/k2info.w.uib.no\/nb_no\/wp-json\/wp\/v2\/categories?post=23997"},{"taxonomy":"post_tag","embeddable":true,"href":"https:\/\/k2info.w.uib.no\/nb_no\/wp-json\/wp\/v2\/tags?post=23997"}],"curies":[{"name":"wp","href":"https:\/\/api.w.org\/{rel}","templated":true}]}}