{"id":23797,"date":"2024-09-06T08:41:43","date_gmt":"2024-09-06T07:41:43","guid":{"rendered":"https:\/\/k2info.w.uib.no\/?p=23797"},"modified":"2024-09-06T08:50:31","modified_gmt":"2024-09-06T07:50:31","slug":"bli-med-pa-alrek-helsedager-18-20-september","status":"publish","type":"post","link":"https:\/\/k2info.w.uib.no\/nb_no\/2024\/09\/06\/bli-med-pa-alrek-helsedager-18-20-september\/","title":{"rendered":"[:no]Bli med p\u00e5 Alrek helsedager, 18. \u2013 20. september![:]"},"content":{"rendered":"<p>[:no]Sett av tid til \u00e5rets Alrek helsedager! En arena der vi tar opp utfordringer vi m\u00e5 l\u00f8se p\u00e5 tvers &#8211; i \u00e5r med fokus p\u00e5 helse i et globalt perspektiv.<\/p>\n<p>Alrek helsedager er et samarbeidsprosjekt av og for alle partnerne i Alrek helseklynge, en gratis konferanse, som er \u00e5pen for alle b\u00e5de i og utenfor klyngen. I \u00e5r vil hovedprogrammet torsdag og fredag f\u00f8r lunsj handle om helse i et globalt perspektiv.<\/p>\n<p>Noen smakebiter fra programmet:<\/p>\n<ul>\n<li>Hvordan er det \u00e5 jobbe med helse i Gaza? H\u00f8r overlege i anestesi ved Haukeland universitetssjukehus, Jonathan Mathers, fortelle om sine erfaringer (torsdag)<\/li>\n<li>Statssekret\u00e6r Bj\u00f8rg Sandkj\u00e6r i Utenriksdepartementet legger fram UDs nye strategi for sitt arbeid i Afrika (torsdag)<\/li>\n<li>Postersesjon (torsdag)<\/li>\n<li>Webinarer (torsdag)<\/li>\n<li>Migranters m\u00f8ter med norsk helsevesen (fredag)<\/li>\n<\/ul>\n<p>Se hele programmet her: <a href=\"https:\/\/alrekhelseklynge.no\/arrangementer\/alrek-helsedager-2024\/\">https:\/\/alrekhelseklynge.no\/arrangementer\/alrek-helsedager-2024\/<\/a><\/p>\n<p><strong>For p\u00e5melding til torsdagens program, trykk her:\u00a0<a href=\"https:\/\/skjemaker.app.uib.no\/view.php?id=17518447\">P\u00e5melding Alrek helsedager 2024, torsdag 19. september<\/a><br \/>\n<\/strong><strong>For p\u00e5melding til fredagens program, trykk her:\u00a0<a href=\"https:\/\/skjemaker.app.uib.no\/view.php?id=17521191\">P\u00e5melding Alrek helsedager 2024, fredag 20. september<\/a><br \/>\n<\/strong><strong>For p\u00e5melding til webinarene, trykk her:\u00a0<a href=\"https:\/\/skjemaker.app.uib.no\/view.php?id=17522909\">P\u00e5melding webinarer Alrek helsedager, torsdag 19. september<\/a><\/strong><\/p>\n<p>Lik og del gjerne ogs\u00e5 Alrek helsedager p\u00e5 Facebook: <a href=\"https:\/\/www.facebook.com\/events\/527101906600881?ref=newsfeed\">https:\/\/www.facebook.com\/events\/527101906600881?ref=newsfeed<\/a><\/p>\n<p>&nbsp;[:]<\/p>\n","protected":false},"excerpt":{"rendered":"<p>[:no]Sett av tid til \u00e5rets Alrek helsedager! En arena der vi tar opp utfordringer vi m\u00e5 l\u00f8se p\u00e5 tvers &#8211; i \u00e5r med fokus p\u00e5 helse i et globalt perspektiv. Alrek helsedager er et samarbeidsprosjekt av og for alle partnerne&hellip;<\/p>\n<p class=\"more-link-p\"><a class=\"more-link\" href=\"https:\/\/k2info.w.uib.no\/nb_no\/2024\/09\/06\/bli-med-pa-alrek-helsedager-18-20-september\/\">Read more &rarr;<\/a><\/p>\n","protected":false},"author":2783,"featured_media":0,"comment_status":"open","ping_status":"open","sticky":false,"template":"","format":"standard","meta":{"footnotes":""},"categories":[44,45498],"tags":[],"class_list":["post-23797","post","type-post","status-publish","format-standard","hentry","category-nyheter","category-seminar-kurs-og-konferanser"],"_links":{"self":[{"href":"https:\/\/k2info.w.uib.no\/nb_no\/wp-json\/wp\/v2\/posts\/23797","targetHints":{"allow":["GET"]}}],"collection":[{"href":"https:\/\/k2info.w.uib.no\/nb_no\/wp-json\/wp\/v2\/posts"}],"about":[{"href":"https:\/\/k2info.w.uib.no\/nb_no\/wp-json\/wp\/v2\/types\/post"}],"author":[{"embeddable":true,"href":"https:\/\/k2info.w.uib.no\/nb_no\/wp-json\/wp\/v2\/users\/2783"}],"replies":[{"embeddable":true,"href":"https:\/\/k2info.w.uib.no\/nb_no\/wp-json\/wp\/v2\/comments?post=23797"}],"version-history":[{"count":1,"href":"https:\/\/k2info.w.uib.no\/nb_no\/wp-json\/wp\/v2\/posts\/23797\/revisions"}],"predecessor-version":[{"id":23798,"href":"https:\/\/k2info.w.uib.no\/nb_no\/wp-json\/wp\/v2\/posts\/23797\/revisions\/23798"}],"wp:attachment":[{"href":"https:\/\/k2info.w.uib.no\/nb_no\/wp-json\/wp\/v2\/media?parent=23797"}],"wp:term":[{"taxonomy":"category","embeddable":true,"href":"https:\/\/k2info.w.uib.no\/nb_no\/wp-json\/wp\/v2\/categories?post=23797"},{"taxonomy":"post_tag","embeddable":true,"href":"https:\/\/k2info.w.uib.no\/nb_no\/wp-json\/wp\/v2\/tags?post=23797"}],"curies":[{"name":"wp","href":"https:\/\/api.w.org\/{rel}","templated":true}]}}