{"id":23707,"date":"2024-08-23T11:28:00","date_gmt":"2024-08-23T10:28:00","guid":{"rendered":"https:\/\/k2info.w.uib.no\/?p=23707"},"modified":"2024-08-23T11:28:00","modified_gmt":"2024-08-23T10:28:00","slug":"invitasjon-til-uib-innovasjonsfestival-2024","status":"publish","type":"post","link":"https:\/\/k2info.w.uib.no\/nb_no\/2024\/08\/23\/invitasjon-til-uib-innovasjonsfestival-2024\/","title":{"rendered":"[:no]Invitasjon til UiB innovasjonsfestival 2024[:en]Innovation Festival 2024[:]"},"content":{"rendered":"<p>[:no]<a href=\"https:\/\/k2info.w.uib.no\/files\/2024\/08\/Instagram-post-om-UiB-Innovasjonsfesitval-2024.jpg\"><img loading=\"lazy\" decoding=\"async\" class=\"wp-image-23709 alignright\" src=\"https:\/\/k2info.w.uib.no\/files\/2024\/08\/Instagram-post-om-UiB-Innovasjonsfesitval-2024.jpg\" alt=\"\" width=\"328\" height=\"411\" srcset=\"https:\/\/k2info.w.uib.no\/files\/2024\/08\/Instagram-post-om-UiB-Innovasjonsfesitval-2024.jpg 1080w, https:\/\/k2info.w.uib.no\/files\/2024\/08\/Instagram-post-om-UiB-Innovasjonsfesitval-2024-240x300.jpg 240w, https:\/\/k2info.w.uib.no\/files\/2024\/08\/Instagram-post-om-UiB-Innovasjonsfesitval-2024-819x1024.jpg 819w, https:\/\/k2info.w.uib.no\/files\/2024\/08\/Instagram-post-om-UiB-Innovasjonsfesitval-2024-768x960.jpg 768w, https:\/\/k2info.w.uib.no\/files\/2024\/08\/Instagram-post-om-UiB-Innovasjonsfesitval-2024-624x780.jpg 624w\" sizes=\"auto, (max-width: 328px) 100vw, 328px\" \/><\/a>Dere er invitert til UiB Innovasjonsfestival som finner sted 20. september fra kl. 09:00 til 14:30 i Nyg\u00e5rdsgaten 5. Festivalen gir dere muligheten til \u00e5 engasjere dere i det brede spekteret av innovasjon som kommer fra v\u00e5rt universitet, diskutere ansvarlig forskning og innovasjon, vurdere hvordan vi kan balansere \u00e5pen vitenskap med kommersialisering, og reflektere over hvordan UiB kan bidra til Vestlands gr\u00f8nne omstilling. Arrangementet er en del av InnovasjonsukenOPP og vil v\u00e6re en m\u00f8teplass for folk fra akademia, n\u00e6ringsliv og offentlig sektor i regionen.<\/p>\n<p>For fullt program og registrering, bes\u00f8k nettsiden til <a href=\"https:\/\/www.uib.no\/innovasjon\/171156\/uib-innovasjonsfestival-research-change\">UiB Innovasjonsfestival 2024<\/a>.<\/p>\n<p>Mesteparten av dagen vil foreg\u00e5 p\u00e5 engelsk, mens paneldebatten og UiB Id\u00e9-prisen vil v\u00e6re p\u00e5[:en]<a href=\"https:\/\/k2info.w.uib.no\/files\/2024\/08\/Instagram-post-om-UiB-Innovasjonsfesitval-2024.jpg\"><img loading=\"lazy\" decoding=\"async\" class=\"wp-image-23709 alignright\" src=\"https:\/\/k2info.w.uib.no\/files\/2024\/08\/Instagram-post-om-UiB-Innovasjonsfesitval-2024.jpg\" alt=\"\" width=\"278\" height=\"348\" srcset=\"https:\/\/k2info.w.uib.no\/files\/2024\/08\/Instagram-post-om-UiB-Innovasjonsfesitval-2024.jpg 1080w, https:\/\/k2info.w.uib.no\/files\/2024\/08\/Instagram-post-om-UiB-Innovasjonsfesitval-2024-240x300.jpg 240w, https:\/\/k2info.w.uib.no\/files\/2024\/08\/Instagram-post-om-UiB-Innovasjonsfesitval-2024-819x1024.jpg 819w, https:\/\/k2info.w.uib.no\/files\/2024\/08\/Instagram-post-om-UiB-Innovasjonsfesitval-2024-768x960.jpg 768w, https:\/\/k2info.w.uib.no\/files\/2024\/08\/Instagram-post-om-UiB-Innovasjonsfesitval-2024-624x780.jpg 624w\" sizes=\"auto, (max-width: 278px) 100vw, 278px\" \/><\/a><\/p>\n<p>You are invited to the UiB Innovation Festival that will take place on September 20<sup>th<\/sup> from 9 to 14:30 at Nyg\u00e5rdsgaten 5. The festival is your opportunity to engage with the broad spectrum of innovation emerging from our university, discuss responsible research and innovation, consider how to balance the open science with protecting intellectual property, and reflect on how UiB can contribute to Vestland\u2019s green transition. The event is a part of the InnovasjonsukenOPP and will be a meeting place for people from academia, businesses and public sector in the region.<\/p>\n<p>For the full program, and registration visit the webpage of the<a href=\"https:\/\/www.uib.no\/en\/innovation\/171164\/uib-innovation-festival-research-change\"> UiB Innovation Festival 2024<\/a>.<\/p>\n<p>Most of the day will be in English, whilst the panel discussion and the UiB Ide Award will be in Norwegian.[:]<\/p>\n","protected":false},"excerpt":{"rendered":"<p>[:no]Dere er invitert til UiB Innovasjonsfestival som finner sted 20. september fra kl. 09:00 til 14:30 i Nyg\u00e5rdsgaten 5. Festivalen gir dere muligheten til \u00e5 engasjere dere i det brede spekteret av innovasjon som kommer fra v\u00e5rt universitet, diskutere ansvarlig&hellip;<\/p>\n<p class=\"more-link-p\"><a class=\"more-link\" href=\"https:\/\/k2info.w.uib.no\/nb_no\/2024\/08\/23\/invitasjon-til-uib-innovasjonsfestival-2024\/\">Read more &rarr;<\/a><\/p>\n","protected":false},"author":5051,"featured_media":0,"comment_status":"open","ping_status":"open","sticky":false,"template":"","format":"standard","meta":{"footnotes":""},"categories":[44],"tags":[],"class_list":["post-23707","post","type-post","status-publish","format-standard","hentry","category-nyheter"],"_links":{"self":[{"href":"https:\/\/k2info.w.uib.no\/nb_no\/wp-json\/wp\/v2\/posts\/23707","targetHints":{"allow":["GET"]}}],"collection":[{"href":"https:\/\/k2info.w.uib.no\/nb_no\/wp-json\/wp\/v2\/posts"}],"about":[{"href":"https:\/\/k2info.w.uib.no\/nb_no\/wp-json\/wp\/v2\/types\/post"}],"author":[{"embeddable":true,"href":"https:\/\/k2info.w.uib.no\/nb_no\/wp-json\/wp\/v2\/users\/5051"}],"replies":[{"embeddable":true,"href":"https:\/\/k2info.w.uib.no\/nb_no\/wp-json\/wp\/v2\/comments?post=23707"}],"version-history":[{"count":3,"href":"https:\/\/k2info.w.uib.no\/nb_no\/wp-json\/wp\/v2\/posts\/23707\/revisions"}],"predecessor-version":[{"id":23711,"href":"https:\/\/k2info.w.uib.no\/nb_no\/wp-json\/wp\/v2\/posts\/23707\/revisions\/23711"}],"wp:attachment":[{"href":"https:\/\/k2info.w.uib.no\/nb_no\/wp-json\/wp\/v2\/media?parent=23707"}],"wp:term":[{"taxonomy":"category","embeddable":true,"href":"https:\/\/k2info.w.uib.no\/nb_no\/wp-json\/wp\/v2\/categories?post=23707"},{"taxonomy":"post_tag","embeddable":true,"href":"https:\/\/k2info.w.uib.no\/nb_no\/wp-json\/wp\/v2\/tags?post=23707"}],"curies":[{"name":"wp","href":"https:\/\/api.w.org\/{rel}","templated":true}]}}