{"id":23257,"date":"2024-04-18T11:12:24","date_gmt":"2024-04-18T10:12:24","guid":{"rendered":"https:\/\/k2info.w.uib.no\/?p=23257"},"modified":"2024-04-18T11:12:24","modified_gmt":"2024-04-18T10:12:24","slug":"snart-ny-sjanse-for-a-soke-status-som-merittert-underviser","status":"publish","type":"post","link":"https:\/\/k2info.w.uib.no\/nb_no\/2024\/04\/18\/snart-ny-sjanse-for-a-soke-status-som-merittert-underviser\/","title":{"rendered":"[:no]Snart ny sjanse for \u00e5 s\u00f8ke status som merittert underviser[:]"},"content":{"rendered":"<p>[:no]I 2024 vil Det medisinske fakultet for fjerde gang lyse ut meritteringsordningen ved fakultetet. Tittelen \u00abmerittert underviser\u00bb kan tildeles vitenskapelig ansatte som har vist betydningsfull innsats for \u00e5 sikre utdanningskvalitet i bred forstand, og tildeles etter s\u00f8knad. <a href=\"https:\/\/www.uib.no\/med\/enhetforl%C3%A6ring\/136419\/meritteringsordning-fremragende-undervisere-ved-det-medisinske-fakultet\">Her<\/a> kan du lese mer om ordningen, blant annet hvem som kan s\u00f8ke og hva s\u00f8knaden m\u00e5 inneholde.<\/p>\n<p>Formell utlysning kommer n\u00e6rmere sommeren, og vil ha s\u00f8knadsfrist i slutten av oktober. Aktuelle s\u00f8kere kan bli kalt inn til intervju.[:]<\/p>\n","protected":false},"excerpt":{"rendered":"<p>[:no]I 2024 vil Det medisinske fakultet for fjerde gang lyse ut meritteringsordningen ved fakultetet. Tittelen \u00abmerittert underviser\u00bb kan tildeles vitenskapelig ansatte som har vist betydningsfull innsats for \u00e5 sikre utdanningskvalitet i bred forstand, og tildeles etter s\u00f8knad. Her kan du&hellip;<\/p>\n<p class=\"more-link-p\"><a class=\"more-link\" href=\"https:\/\/k2info.w.uib.no\/nb_no\/2024\/04\/18\/snart-ny-sjanse-for-a-soke-status-som-merittert-underviser\/\">Read more &rarr;<\/a><\/p>\n","protected":false},"author":5306,"featured_media":0,"comment_status":"open","ping_status":"open","sticky":false,"template":"","format":"standard","meta":{"footnotes":""},"categories":[44],"tags":[],"class_list":["post-23257","post","type-post","status-publish","format-standard","hentry","category-nyheter"],"_links":{"self":[{"href":"https:\/\/k2info.w.uib.no\/nb_no\/wp-json\/wp\/v2\/posts\/23257","targetHints":{"allow":["GET"]}}],"collection":[{"href":"https:\/\/k2info.w.uib.no\/nb_no\/wp-json\/wp\/v2\/posts"}],"about":[{"href":"https:\/\/k2info.w.uib.no\/nb_no\/wp-json\/wp\/v2\/types\/post"}],"author":[{"embeddable":true,"href":"https:\/\/k2info.w.uib.no\/nb_no\/wp-json\/wp\/v2\/users\/5306"}],"replies":[{"embeddable":true,"href":"https:\/\/k2info.w.uib.no\/nb_no\/wp-json\/wp\/v2\/comments?post=23257"}],"version-history":[{"count":1,"href":"https:\/\/k2info.w.uib.no\/nb_no\/wp-json\/wp\/v2\/posts\/23257\/revisions"}],"predecessor-version":[{"id":23258,"href":"https:\/\/k2info.w.uib.no\/nb_no\/wp-json\/wp\/v2\/posts\/23257\/revisions\/23258"}],"wp:attachment":[{"href":"https:\/\/k2info.w.uib.no\/nb_no\/wp-json\/wp\/v2\/media?parent=23257"}],"wp:term":[{"taxonomy":"category","embeddable":true,"href":"https:\/\/k2info.w.uib.no\/nb_no\/wp-json\/wp\/v2\/categories?post=23257"},{"taxonomy":"post_tag","embeddable":true,"href":"https:\/\/k2info.w.uib.no\/nb_no\/wp-json\/wp\/v2\/tags?post=23257"}],"curies":[{"name":"wp","href":"https:\/\/api.w.org\/{rel}","templated":true}]}}