{"id":23107,"date":"2024-03-22T10:20:22","date_gmt":"2024-03-22T09:20:22","guid":{"rendered":"https:\/\/k2info.w.uib.no\/?p=23107"},"modified":"2024-03-22T10:22:14","modified_gmt":"2024-03-22T09:22:14","slug":"23107","status":"publish","type":"post","link":"https:\/\/k2info.w.uib.no\/nb_no\/2024\/03\/22\/23107\/","title":{"rendered":""},"content":{"rendered":"<p>[:no]<img loading=\"lazy\" decoding=\"async\" class=\"alignnone size-full wp-image-18882\" src=\"https:\/\/k2info.w.uib.no\/files\/2021\/02\/Silke-Appel-240x300-1.jpg\" alt=\"\" width=\"240\" height=\"300\" \/><\/p>\n<p style=\"font-weight: 400\">Instituttets dag skal avholdes 30.april i Storsalen, Nyg\u00e5rdsgaten 5, og jeg h\u00e5per flest mulig har anledning til \u00e5 delta. Dette er en fin m\u00e5te \u00e5 bli kjent med hverandre. Programmet med fokus p\u00e5 AI finnes <a href=\"https:\/\/k2info.w.uib.no\/files\/2024\/03\/Program-K2-retreat-210324.pdf\">her<\/a>, og p\u00e5meldingen er allerede \u00e5pen <a href=\"https:\/\/skjemaker.app.uib.no\/view.php?id=16771642\">her<\/a> &#x1f60a; Frist for \u00e5 melde seg p\u00e5 er 12.april.<\/p>\n<p style=\"font-weight: 400\">Selv i disse \u00f8konomisk vanskelige tider lyser vi ut sm\u00e5driftsmidler. Intensjonen med denne tildelingen er at midlene skal gis til forskningsgrupper som ikke har f\u00e5tt tilslag p\u00e5 store tildelinger slik at de kan komme i gang med nye prosjekter. Det kan s\u00f8kes om \u00e5 dekke utgifter til reiser, seminarer, kurs, materiell, teknisk-administrativ assistanse og andre driftskostnader.<\/p>\n<p style=\"font-weight: 400\">Krav til s\u00f8knad og kriterier for tildeling:<\/p>\n<p style=\"font-weight: 400\">\u2013 Midlene g\u00e5r til forskere som ikke har store driftsmidler allerede.<br \/>\n\u2013 St\u00f8rrelsen p\u00e5 de enkelte bevilgningene er mellom 15 000-75 000 NOK.<br \/>\n\u2013 Midlene m\u00e5 brukes innen 2024 og kan ikke overf\u00f8res.<br \/>\n\u2013 Mottakere m\u00e5 v\u00e6re aktive forskere i fast vitenskapelig stilling ved K2, prof. II eller 1.am. II.<br \/>\n\u2013 <strong>Mottakere m\u00e5 ha s\u00f8kt eksterne midler de siste \u00e5rene<\/strong>.<\/p>\n<p style=\"font-weight: 400\">Alle faste vitenskapelige ansatte (inklusive vitenskapelige ansatte i bistilling) ved K2 kan sende inn en s\u00f8knad.\u00a0Det gj\u00f8res via denne <a href=\"https:\/\/skjemaker.app.uib.no\/view.php?id=16799928\">linken<\/a>.\u00a0<strong>Fristen er 8.4.2024.<\/strong><\/p>\n<p style=\"font-weight: 400\">Minner ogs\u00e5 om fakultetets dag som arrangeres onsdag 17. april, kl 09.00 \u2013 12.00 i auditoriet i Armauer Hansens hus. Jeg h\u00e5per \u00e5 se mange av dere der.<\/p>\n<p style=\"font-weight: 400\">Ha en riktig god helg!<\/p>\n<p>[:en]<img loading=\"lazy\" decoding=\"async\" class=\"alignnone size-full wp-image-18882\" src=\"https:\/\/k2info.w.uib.no\/files\/2021\/02\/Silke-Appel-240x300-1.jpg\" alt=\"\" width=\"240\" height=\"300\" \/><\/p>\n<p style=\"font-weight: 400\">Dear all!<\/p>\n<p style=\"font-weight: 400\">The institute&#8217;s day will be held on April 30 in \u201cStorsalen\u201d, Nyg\u00e5rdsgaten 5, and I hope as many as possible have the opportunity to participate. This is a great way to get to know each other. The program with focus on AI can be found <a href=\"https:\/\/k2info.w.uib.no\/files\/2024\/03\/Program-K2-retreat-210324.pdf\">here<\/a>, and registration is already open <a href=\"https:\/\/skjemaker.app.uib.no\/view.php?id=16771642\">here<\/a> &#x1f60a; Deadline to sign up is 12 April.<\/p>\n<p style=\"font-weight: 400\">Even in these financially difficult times we will allocate small research funds. The intention is that the funds should be given to research groups that have not received large grants so that they can start new projects. It can be applied to cover expenses for travel, seminars, courses, materials, technical-administrative assistance and other operating costs.<\/p>\n<p style=\"font-weight: 400\">Requirements for application and criteria for allocation:<\/p>\n<p style=\"font-weight: 400\">\u2013 The funds go to researchers who do not have large operating funds already.<br \/>\n\u2013 The size of the individual grants is between 15 000-75 000 NOK.<br \/>\n\u2013 The funds must be used by 2023 and cannot be transferred to 2024.<br \/>\n\u2013 Recipients must be active researchers in a permanent scientific position at K2, Prof. II or 1.am. II.<br \/>\n\u2013 <strong>Recipients must have applied for external funds in recent years<\/strong>.<\/p>\n<p style=\"font-weight: 400\">All permanent scientific employees (including scientific employees in 10-50% position) at K2 can apply. It is done via this <a href=\"https:\/\/skjemaker.app.uib.no\/view.php?id=16799928\">link<\/a>.\u00a0<strong>Deadline is 8.4.2024.<\/strong><\/p>\n<p style=\"font-weight: 400\">I also remind everybody that the Faculty day will be held Wednesday April 17 from 9:00-12:00 in the auditorium of the AHH and I hope to see many of you there..<\/p>\n<p style=\"font-weight: 400\">Have a nice weekend!<\/p>\n<p>[:]<\/p>\n","protected":false},"excerpt":{"rendered":"<p>[:no] Instituttets dag skal avholdes 30.april i Storsalen, Nyg\u00e5rdsgaten 5, og jeg h\u00e5per flest mulig har anledning til \u00e5 delta. Dette er en fin m\u00e5te \u00e5 bli kjent med hverandre. Programmet med fokus p\u00e5 AI finnes her, og p\u00e5meldingen er&hellip;<\/p>\n<p class=\"more-link-p\"><a class=\"more-link\" href=\"https:\/\/k2info.w.uib.no\/nb_no\/2024\/03\/22\/23107\/\">Read more &rarr;<\/a><\/p>\n","protected":false},"author":5306,"featured_media":0,"comment_status":"open","ping_status":"open","sticky":false,"template":"","format":"standard","meta":{"footnotes":""},"categories":[44,39969],"tags":[],"class_list":["post-23107","post","type-post","status-publish","format-standard","hentry","category-nyheter","category-ukens-leder"],"_links":{"self":[{"href":"https:\/\/k2info.w.uib.no\/nb_no\/wp-json\/wp\/v2\/posts\/23107","targetHints":{"allow":["GET"]}}],"collection":[{"href":"https:\/\/k2info.w.uib.no\/nb_no\/wp-json\/wp\/v2\/posts"}],"about":[{"href":"https:\/\/k2info.w.uib.no\/nb_no\/wp-json\/wp\/v2\/types\/post"}],"author":[{"embeddable":true,"href":"https:\/\/k2info.w.uib.no\/nb_no\/wp-json\/wp\/v2\/users\/5306"}],"replies":[{"embeddable":true,"href":"https:\/\/k2info.w.uib.no\/nb_no\/wp-json\/wp\/v2\/comments?post=23107"}],"version-history":[{"count":2,"href":"https:\/\/k2info.w.uib.no\/nb_no\/wp-json\/wp\/v2\/posts\/23107\/revisions"}],"predecessor-version":[{"id":23110,"href":"https:\/\/k2info.w.uib.no\/nb_no\/wp-json\/wp\/v2\/posts\/23107\/revisions\/23110"}],"wp:attachment":[{"href":"https:\/\/k2info.w.uib.no\/nb_no\/wp-json\/wp\/v2\/media?parent=23107"}],"wp:term":[{"taxonomy":"category","embeddable":true,"href":"https:\/\/k2info.w.uib.no\/nb_no\/wp-json\/wp\/v2\/categories?post=23107"},{"taxonomy":"post_tag","embeddable":true,"href":"https:\/\/k2info.w.uib.no\/nb_no\/wp-json\/wp\/v2\/tags?post=23107"}],"curies":[{"name":"wp","href":"https:\/\/api.w.org\/{rel}","templated":true}]}}