{"id":22204,"date":"2023-10-05T14:32:20","date_gmt":"2023-10-05T13:32:20","guid":{"rendered":"https:\/\/k2info.w.uib.no\/?p=22204"},"modified":"2023-10-05T14:32:20","modified_gmt":"2023-10-05T13:32:20","slug":"stiftelsen-dams-sokekurs-i-bergen","status":"publish","type":"post","link":"https:\/\/k2info.w.uib.no\/nb_no\/2023\/10\/05\/stiftelsen-dams-sokekurs-i-bergen\/","title":{"rendered":"[:no]Stiftelsen Dams s\u00f8kekurs i Bergen[:]"},"content":{"rendered":"<p>[:no]<strong>Hvordan kan du f\u00e5 st\u00f8tte til ditt prosjekt?<\/strong><\/p>\n<p>Bli med p\u00e5 Stiftelsen Dams s\u00f8kekurs i Bergen.<\/p>\n<p>16.november 2023 klokken 08.30 inviterer Stiftelsen Dam ansatte og frivillige i helsefrivilligheten til s\u00f8kekurs i Bergen. Stedet er Litteraturhuset, og til stede er generalsekret\u00e6r Hans Christian Lillehagen og kommunikasjonssjef Hege Bj\u00f8rnsdatter Braaten.<\/p>\n<p><a href=\"https:\/\/dam.no\/2023\/10\/03\/bli-med-pa-sokekurs-i-bergen\/\">https:\/\/dam.no\/2023\/10\/03\/bli-med-pa-sokekurs-i-bergen\/<\/a>[:]<\/p>\n","protected":false},"excerpt":{"rendered":"<p>[:no]Hvordan kan du f\u00e5 st\u00f8tte til ditt prosjekt? Bli med p\u00e5 Stiftelsen Dams s\u00f8kekurs i Bergen. 16.november 2023 klokken 08.30 inviterer Stiftelsen Dam ansatte og frivillige i helsefrivilligheten til s\u00f8kekurs i Bergen. Stedet er Litteraturhuset, og til stede er generalsekret\u00e6r&hellip;<\/p>\n<p class=\"more-link-p\"><a class=\"more-link\" href=\"https:\/\/k2info.w.uib.no\/nb_no\/2023\/10\/05\/stiftelsen-dams-sokekurs-i-bergen\/\">Read more &rarr;<\/a><\/p>\n","protected":false},"author":5236,"featured_media":0,"comment_status":"open","ping_status":"open","sticky":false,"template":"","format":"standard","meta":{"footnotes":""},"categories":[44],"tags":[],"class_list":["post-22204","post","type-post","status-publish","format-standard","hentry","category-nyheter"],"_links":{"self":[{"href":"https:\/\/k2info.w.uib.no\/nb_no\/wp-json\/wp\/v2\/posts\/22204","targetHints":{"allow":["GET"]}}],"collection":[{"href":"https:\/\/k2info.w.uib.no\/nb_no\/wp-json\/wp\/v2\/posts"}],"about":[{"href":"https:\/\/k2info.w.uib.no\/nb_no\/wp-json\/wp\/v2\/types\/post"}],"author":[{"embeddable":true,"href":"https:\/\/k2info.w.uib.no\/nb_no\/wp-json\/wp\/v2\/users\/5236"}],"replies":[{"embeddable":true,"href":"https:\/\/k2info.w.uib.no\/nb_no\/wp-json\/wp\/v2\/comments?post=22204"}],"version-history":[{"count":1,"href":"https:\/\/k2info.w.uib.no\/nb_no\/wp-json\/wp\/v2\/posts\/22204\/revisions"}],"predecessor-version":[{"id":22205,"href":"https:\/\/k2info.w.uib.no\/nb_no\/wp-json\/wp\/v2\/posts\/22204\/revisions\/22205"}],"wp:attachment":[{"href":"https:\/\/k2info.w.uib.no\/nb_no\/wp-json\/wp\/v2\/media?parent=22204"}],"wp:term":[{"taxonomy":"category","embeddable":true,"href":"https:\/\/k2info.w.uib.no\/nb_no\/wp-json\/wp\/v2\/categories?post=22204"},{"taxonomy":"post_tag","embeddable":true,"href":"https:\/\/k2info.w.uib.no\/nb_no\/wp-json\/wp\/v2\/tags?post=22204"}],"curies":[{"name":"wp","href":"https:\/\/api.w.org\/{rel}","templated":true}]}}