{"id":22110,"date":"2023-09-15T00:00:22","date_gmt":"2023-09-14T23:00:22","guid":{"rendered":"https:\/\/k2info.w.uib.no\/?p=22110"},"modified":"2023-09-15T00:00:22","modified_gmt":"2023-09-14T23:00:22","slug":"ukens-leder-86","status":"publish","type":"post","link":"https:\/\/k2info.w.uib.no\/nb_no\/2023\/09\/15\/ukens-leder-86\/","title":{"rendered":"[:no]Ukens leder[:en]Editorial[:]"},"content":{"rendered":"<p>[:no]<\/p>\n<p style=\"font-weight: 400\"><strong>Vestlandslegen finansiert \u2013 og ny utplassering utpr\u00f8ves p\u00e5 Voss<\/strong><\/p>\n<p style=\"font-weight: 400\"><a href=\"http:\/\/k2info.w.uib.no\/files\/2021\/01\/Mette-Vesterhus.jpg\"><img loading=\"lazy\" decoding=\"async\" class=\" wp-image-18781 alignleft\" src=\"http:\/\/k2info.w.uib.no\/files\/2021\/01\/Mette-Vesterhus.jpg\" alt=\"\" width=\"272\" height=\"340\" srcset=\"https:\/\/k2info.w.uib.no\/files\/2021\/01\/Mette-Vesterhus.jpg 400w, https:\/\/k2info.w.uib.no\/files\/2021\/01\/Mette-Vesterhus-240x300.jpg 240w\" sizes=\"auto, (max-width: 272px) 100vw, 272px\" \/><\/a>For en uke siden kom endelig gladmeldingen: Regjeringspartiene har blitt enige om \u00e5 opprette 20 nye studieplasser ved UiBs medisinutdanning, og finansieringen av f\u00f8rste trinn av Vestlandslegen er dermed p\u00e5 plass. De f\u00f8rste studentene startet i Stavanger i august, og skal fullf\u00f8re studiene ved SUS etter \u00e5 ha hatt sine tre f\u00f8rste \u00e5r med undervisning i Bergen. Langvarig, godt arbeid fra fakultetet har dermed b\u00e5ret frukter. K2s Simon Dankel har n\u00e5 tatt over for Steinar Hunsk\u00e5r som koordinator for Vestlandslegen. Som diskutert p\u00e5 UGLE-m\u00f8tet nylig, blir det viktig fremover at vi fortsetter det gode arbeidet i undervisningsgruppene med \u00e5 integrere undervisningsmilj\u00f8ene.<\/p>\n<p style=\"font-weight: 400\"><a href=\"http:\/\/k2info.w.uib.no\/files\/2023\/09\/Skjermbilde-2023-09-15-kl.-00.59.19.png\"><img loading=\"lazy\" decoding=\"async\" class=\"wp-image-22112 alignleft\" src=\"http:\/\/k2info.w.uib.no\/files\/2023\/09\/Skjermbilde-2023-09-15-kl.-00.59.19.png\" alt=\"\" width=\"432\" height=\"357\" srcset=\"https:\/\/k2info.w.uib.no\/files\/2023\/09\/Skjermbilde-2023-09-15-kl.-00.59.19.png 1528w, https:\/\/k2info.w.uib.no\/files\/2023\/09\/Skjermbilde-2023-09-15-kl.-00.59.19-300x248.png 300w, https:\/\/k2info.w.uib.no\/files\/2023\/09\/Skjermbilde-2023-09-15-kl.-00.59.19-1024x846.png 1024w, https:\/\/k2info.w.uib.no\/files\/2023\/09\/Skjermbilde-2023-09-15-kl.-00.59.19-768x634.png 768w, https:\/\/k2info.w.uib.no\/files\/2023\/09\/Skjermbilde-2023-09-15-kl.-00.59.19-624x515.png 624w\" sizes=\"auto, (max-width: 432px) 100vw, 432px\" \/><\/a>For f\u00f8rste gang f\u00e5r medisinstudenter fra Bergen praksis i gynekologi og obstetrikk ved gynekologi- og f\u00f8deavdelingen p\u00e5 Voss sykehus. De f\u00f8rste studentene er allerede i gang, og i h\u00f8st skal til sammen 4 studenter f\u00e5 en uke hver. P\u00e5 sikt er m\u00e5let at minst en student hver uke i l\u00f8pet av den 6 uker lange praksisperioden, skal f\u00e5 anledning til \u00e5 ha tjeneste p\u00e5 Voss i en av sine tre uker praksis. \u00abJeg har f\u00f8lt meg godt tatt imot p\u00e5 Voss. Det er veldig kjekt og l\u00e6rerikt \u00e5 se hvordan et lite sykehus fungerer og det er relativt enkelt \u00e5 kaste seg med p\u00e5 det som skjer,\u00bb sier medisinstudent Marit Lysebo.\u00a0 Gratulerer til undervisningsgruppen i GYN\/OBS og klinikkoverlege Birte Haugland for \u00e5 f\u00e5 dette p\u00e5 plass!<\/p>\n<p style=\"font-weight: 400\">Utdanningsprisen 2023 fra Helse Vest skal deles ut p\u00e5 Utdanningskonferansen i Helse Vest som holdes i Bergen 30.nov.-1.des. Hvis du synes K2 skal fremme deg eller en annen kandidat, send forslaget til <a href=\"mailto:mette.vesterhus@uib.no\">mette.vesterhus@uib.no<\/a>innen mandag 2. oktober. Les mer her: <a href=\"https:\/\/www.helse-vest.no\/arrangementer\/utdanningskonferansen-2023\/\">Utdanningskonferansen 2023 &#8211; Helse Vest RHF (helse-vest.no)<\/a><\/p>\n<p style=\"font-weight: 400\">Mette<\/p>\n<p>[:en]<\/p>\n<p style=\"font-weight: 400\"><strong>Vestlandslegen funded &#8211; and novel practical training tested at Voss<\/strong><\/p>\n<p style=\"font-weight: 400\"><a href=\"http:\/\/k2info.w.uib.no\/files\/2021\/01\/Mette-Vesterhus.jpg\"><img loading=\"lazy\" decoding=\"async\" class=\" wp-image-18781 alignleft\" src=\"http:\/\/k2info.w.uib.no\/files\/2021\/01\/Mette-Vesterhus.jpg\" alt=\"\" width=\"295\" height=\"369\" srcset=\"https:\/\/k2info.w.uib.no\/files\/2021\/01\/Mette-Vesterhus.jpg 400w, https:\/\/k2info.w.uib.no\/files\/2021\/01\/Mette-Vesterhus-240x300.jpg 240w\" sizes=\"auto, (max-width: 295px) 100vw, 295px\" \/><\/a>A week ago, the good news finally came: The government parties have agreed to finance 20 new study places in Medicine at UiB, and the funding for the first stage of Vestlandslegen is landed. The first students started in Stavanger in August and will complete their studies at SUS, having had their first three years of teaching in Bergen. Long-term, good work from the faculty has thus borne fruit. K2&#8217;s Simon Dankel has now taken over from Steinar Hunsk\u00e5r as coordinator for Vestlandslegen. As discussed at the recent UGLE meeting, it will be important going forward that we continue the good work in the teaching groups to integrate the teaching environments.<\/p>\n<p style=\"font-weight: 400\">For the first time, medical students from Bergen get practice in gynecology and obstetrics at Voss Hospital. The first student has already started, and this autumn a total of 4 students will each get a week. In the long term, the aim is that at least one student every week during the 6-week internship period will have the opportunity to have their training in Voss during one of their three-week internships. Congratulations to the teaching group in GYN\/OBS for getting this in place!<\/p>\n<p style=\"font-weight: 400\">The Education Award 2023 from Helse Vest will be awarded at the Education Conference in Helse Vest which will be held in Bergen 30 Nov.-1 Dec. If you think K2 should nominate you or another candidate, send the proposal to <a href=\"mailto:mette.vesterhus@uib.no\">mette.vesterhus@uib.no<\/a> by Monday 2 October. Read more here: <a href=\"https:\/\/www.helse-vest.no\/arrangementer\/utdanningskonferansen-2023\/\">Utdanningskonferansen 2023 &#8211; Helse Vest RHF (helse-vest.no)<\/a><\/p>\n<p style=\"font-weight: 400\">Mette<\/p>\n<p>[:]<\/p>\n","protected":false},"excerpt":{"rendered":"<p>[:no] Vestlandslegen finansiert \u2013 og ny utplassering utpr\u00f8ves p\u00e5 Voss For en uke siden kom endelig gladmeldingen: Regjeringspartiene har blitt enige om \u00e5 opprette 20 nye studieplasser ved UiBs medisinutdanning, og finansieringen av f\u00f8rste trinn av Vestlandslegen er dermed p\u00e5&hellip;<\/p>\n<p class=\"more-link-p\"><a class=\"more-link\" href=\"https:\/\/k2info.w.uib.no\/nb_no\/2023\/09\/15\/ukens-leder-86\/\">Read more &rarr;<\/a><\/p>\n","protected":false},"author":5236,"featured_media":0,"comment_status":"open","ping_status":"open","sticky":false,"template":"","format":"standard","meta":{"footnotes":""},"categories":[39969],"tags":[],"class_list":["post-22110","post","type-post","status-publish","format-standard","hentry","category-ukens-leder"],"_links":{"self":[{"href":"https:\/\/k2info.w.uib.no\/nb_no\/wp-json\/wp\/v2\/posts\/22110","targetHints":{"allow":["GET"]}}],"collection":[{"href":"https:\/\/k2info.w.uib.no\/nb_no\/wp-json\/wp\/v2\/posts"}],"about":[{"href":"https:\/\/k2info.w.uib.no\/nb_no\/wp-json\/wp\/v2\/types\/post"}],"author":[{"embeddable":true,"href":"https:\/\/k2info.w.uib.no\/nb_no\/wp-json\/wp\/v2\/users\/5236"}],"replies":[{"embeddable":true,"href":"https:\/\/k2info.w.uib.no\/nb_no\/wp-json\/wp\/v2\/comments?post=22110"}],"version-history":[{"count":1,"href":"https:\/\/k2info.w.uib.no\/nb_no\/wp-json\/wp\/v2\/posts\/22110\/revisions"}],"predecessor-version":[{"id":22113,"href":"https:\/\/k2info.w.uib.no\/nb_no\/wp-json\/wp\/v2\/posts\/22110\/revisions\/22113"}],"wp:attachment":[{"href":"https:\/\/k2info.w.uib.no\/nb_no\/wp-json\/wp\/v2\/media?parent=22110"}],"wp:term":[{"taxonomy":"category","embeddable":true,"href":"https:\/\/k2info.w.uib.no\/nb_no\/wp-json\/wp\/v2\/categories?post=22110"},{"taxonomy":"post_tag","embeddable":true,"href":"https:\/\/k2info.w.uib.no\/nb_no\/wp-json\/wp\/v2\/tags?post=22110"}],"curies":[{"name":"wp","href":"https:\/\/api.w.org\/{rel}","templated":true}]}}