{"id":21980,"date":"2023-08-24T11:57:35","date_gmt":"2023-08-24T10:57:35","guid":{"rendered":"https:\/\/k2info.w.uib.no\/?p=21980"},"modified":"2023-08-24T11:57:35","modified_gmt":"2023-08-24T10:57:35","slug":"fripro-sokerwebinar-om-iopende-soknadsmottak-og-behandling","status":"publish","type":"post","link":"https:\/\/k2info.w.uib.no\/nb_no\/2023\/08\/24\/fripro-sokerwebinar-om-iopende-soknadsmottak-og-behandling\/","title":{"rendered":"[:no]FRIPRO &#8211; s\u00f8kerwebinar om I\u00f8pende s\u00f8knadsmottak og -behandling[:en]FRIPRO &#8211; information on the transition to an open-ended call[:]"},"content":{"rendered":"<p>[:no]I oktober opnar FRIPRO for l\u00f8pande s\u00f8knads-mottak og behandling. Tidlegare i \u00e5r innf\u00f8rte vi ogs\u00e5 karenstid og karantene<\/p>\n<p>I s\u00f8kjarwebinara 12. september (p\u00e5 norsk) og 13. september (p\u00e5 engelsk) vil vi presentere endringane som blir innf\u00f8rte. Du vil m.a. f\u00e5 svar p\u00e5 korleis s\u00f8knaden din blir behandla, korleis vi sikrar lik behandling av s\u00f8knader, kva du kan forvente av s\u00f8knadsbehandlingstid, kva for ei av dei tre utlysingane som passar best for deg og reglane for b\u00e5de karenstid og karantene.<\/p>\n<p><a href=\"https:\/\/www.forskningsradet.no\/nyheter\/2023\/lopende-soknadsmottak-for-fripro\/\">Les mer om endringene som blir innf\u00f8rt.<\/a><\/p>\n<p>Det vil vere mogleg \u00e5 sende inn sp\u00f8rsm\u00e5l i l\u00f8pet av webinaret, og vi vil svare p\u00e5 sp\u00f8rsm\u00e5l i den siste delen av live-sendinga. Opptak av webinaret vil vere tilgjengeleg p\u00e5 Forskingsr\u00e5dets nettside i etterkant.<\/p>\n<div class=\"event-data--item\">Passer for:Forskarar som \u00f8nskjer \u00e5 s\u00f8kje p\u00e5 FRIPRO, tilsette som jobbar med administrativ st\u00f8tte til dei som s\u00f8kjar.<\/p>\n<\/div>\n<div class=\"event-data--item\">Pris:Gratis<\/p>\n<\/div>\n<div class=\"event-data--item\">P\u00e5meldingsfrist:12. september kl 08.00<\/p>\n<\/div>\n<div class=\"event-data--item\">Digitalt:Arrangementet str\u00f8mmes<\/p>\n<\/div>\n<div class=\"event-page--date-container\">\n<div class=\"event-page--date-container-date\">12. sep kl 10:00 \u2013 11:30<\/div>\n<div><\/div>\n<\/div>\n<div>P\u00e5melding\u00a0<a href=\"https:\/\/forskningsradet.pameldingssystem.no\/fripro-informasjon-om-iopende-soknadsmottak-og-behandling?_ga=2.190180715.1184079652.1692874161-826985604.1692296749\">her<\/a>.<\/div>\n<p>[:en]In October, FRIPRO will open up for continuous application reception and processing.\u00a0Earlier this year we also introduced both a waiting period and a submission restriction period for applicants.<\/p>\n<p>In the applicant webinars on the <a href=\"https:\/\/www.forskningsradet.no\/en\/events\/2023\/fripro-transition-open-ended-call\/\">12th (Norwegian)<\/a> and 13th (English) of September, we will present the changes we are introducing.<\/p>\n<p><a href=\"https:\/\/www.forskningsradet.no\/nyheter\/2023\/lopende-soknadsmottak-for-fripro\/\">Read more about the changes that are being introduced<\/a> (in Norwegian)<\/p>\n<p>We will address questions such as how your application will be processed, how equal treatment of the applications will be ensured, how long time you can expect the application processing to take, which of the three calls may be right for you and the rules for the waiting period and the submission restriction period.<\/p>\n<p>It will be possible to submit written questions during the webinar, and we will answer questions at the end of the live feed. A recording of the webinar will be available on the Research Council&#8217;s website shortly after.<\/p>\n<div class=\"event-data--item\">Target group:Researchers who wish to apply to FRIPRO, employees who work with administrative support for those who apply.<\/p>\n<\/div>\n<div class=\"event-data--item\">Fee:Free<\/p>\n<\/div>\n<div class=\"event-data--item\">Registration deadline:September 13th kl 08.00<\/p>\n<\/div>\n<div class=\"event-data--item\">Digital:Live streaming<\/p>\n<\/div>\n<div class=\"event-page--date-container\">\n<div class=\"event-page--date-container-date\">13 Sep 10:00 \u2013 11:30<\/div>\n<\/div>\n<div><\/div>\n<div>Sign up <a href=\"https:\/\/forskningsradet.pameldingssystem.no\/fripro-information-on-the-transition-to-an-open-ended-call?_ga=2.227002973.1184079652.1692874161-826985604.1692296749\">here.<\/a><\/div>\n<p>[:]<\/p>\n","protected":false},"excerpt":{"rendered":"<p>[:no]I oktober opnar FRIPRO for l\u00f8pande s\u00f8knads-mottak og behandling. Tidlegare i \u00e5r innf\u00f8rte vi ogs\u00e5 karenstid og karantene I s\u00f8kjarwebinara 12. september (p\u00e5 norsk) og 13. september (p\u00e5 engelsk) vil vi presentere endringane som blir innf\u00f8rte. Du vil m.a. f\u00e5&hellip;<\/p>\n<p class=\"more-link-p\"><a class=\"more-link\" href=\"https:\/\/k2info.w.uib.no\/nb_no\/2023\/08\/24\/fripro-sokerwebinar-om-iopende-soknadsmottak-og-behandling\/\">Read more &rarr;<\/a><\/p>\n","protected":false},"author":5236,"featured_media":0,"comment_status":"open","ping_status":"open","sticky":false,"template":"","format":"standard","meta":{"footnotes":""},"categories":[44],"tags":[],"class_list":["post-21980","post","type-post","status-publish","format-standard","hentry","category-nyheter"],"_links":{"self":[{"href":"https:\/\/k2info.w.uib.no\/nb_no\/wp-json\/wp\/v2\/posts\/21980","targetHints":{"allow":["GET"]}}],"collection":[{"href":"https:\/\/k2info.w.uib.no\/nb_no\/wp-json\/wp\/v2\/posts"}],"about":[{"href":"https:\/\/k2info.w.uib.no\/nb_no\/wp-json\/wp\/v2\/types\/post"}],"author":[{"embeddable":true,"href":"https:\/\/k2info.w.uib.no\/nb_no\/wp-json\/wp\/v2\/users\/5236"}],"replies":[{"embeddable":true,"href":"https:\/\/k2info.w.uib.no\/nb_no\/wp-json\/wp\/v2\/comments?post=21980"}],"version-history":[{"count":1,"href":"https:\/\/k2info.w.uib.no\/nb_no\/wp-json\/wp\/v2\/posts\/21980\/revisions"}],"predecessor-version":[{"id":21981,"href":"https:\/\/k2info.w.uib.no\/nb_no\/wp-json\/wp\/v2\/posts\/21980\/revisions\/21981"}],"wp:attachment":[{"href":"https:\/\/k2info.w.uib.no\/nb_no\/wp-json\/wp\/v2\/media?parent=21980"}],"wp:term":[{"taxonomy":"category","embeddable":true,"href":"https:\/\/k2info.w.uib.no\/nb_no\/wp-json\/wp\/v2\/categories?post=21980"},{"taxonomy":"post_tag","embeddable":true,"href":"https:\/\/k2info.w.uib.no\/nb_no\/wp-json\/wp\/v2\/tags?post=21980"}],"curies":[{"name":"wp","href":"https:\/\/api.w.org\/{rel}","templated":true}]}}