{"id":21380,"date":"2023-03-10T08:28:30","date_gmt":"2023-03-10T07:28:30","guid":{"rendered":"https:\/\/k2info.w.uib.no\/?p=21380"},"modified":"2023-03-10T08:28:30","modified_gmt":"2023-03-10T07:28:30","slug":"sovn-og-sovnvansker-historiens-siste-sommertid-litteraturhuset","status":"publish","type":"post","link":"https:\/\/k2info.w.uib.no\/nb_no\/2023\/03\/10\/sovn-og-sovnvansker-historiens-siste-sommertid-litteraturhuset\/","title":{"rendered":"[:no]S\u00f8vn og s\u00f8vnvansker: Historiens siste sommertid? (Litteraturhuset)[:]"},"content":{"rendered":"<p>[:no]<strong>Hva gj\u00f8r sommertid og vintertid med s\u00f8vnen v\u00e5r? Blir vi syke av \u00e5 stille klokken? Skal vi ha evig sommertid eller evig vintertid? Hvem skal vi ta hensyn til, folk i Kirkenes eller Bergen?<\/strong><\/p>\n<p><em>Tid og sted: Tirsdag 28. mars, kl. 19:00. Litteraturhuset.<\/em><\/p>\n<p><a href=\"https:\/\/svf-selskapet.w.uib.no\/2023\/02\/17\/28-mars-sovn-og-sovnvansker-historiens-siste-sommertid-litteraturhuset\/\">https:\/\/svf-selskapet.w.uib.no\/2023\/02\/17\/28-mars-sovn-og-sovnvansker-historiens-siste-sommertid-litteraturhuset\/<\/a>[:]<\/p>\n","protected":false},"excerpt":{"rendered":"<p>[:no]Hva gj\u00f8r sommertid og vintertid med s\u00f8vnen v\u00e5r? Blir vi syke av \u00e5 stille klokken? Skal vi ha evig sommertid eller evig vintertid? Hvem skal vi ta hensyn til, folk i Kirkenes eller Bergen? Tid og sted: Tirsdag 28. mars,&hellip;<\/p>\n<p class=\"more-link-p\"><a class=\"more-link\" href=\"https:\/\/k2info.w.uib.no\/nb_no\/2023\/03\/10\/sovn-og-sovnvansker-historiens-siste-sommertid-litteraturhuset\/\">Read more &rarr;<\/a><\/p>\n","protected":false},"author":4848,"featured_media":0,"comment_status":"open","ping_status":"open","sticky":false,"template":"","format":"standard","meta":{"footnotes":""},"categories":[44,45498],"tags":[],"class_list":["post-21380","post","type-post","status-publish","format-standard","hentry","category-nyheter","category-seminar-kurs-og-konferanser"],"_links":{"self":[{"href":"https:\/\/k2info.w.uib.no\/nb_no\/wp-json\/wp\/v2\/posts\/21380","targetHints":{"allow":["GET"]}}],"collection":[{"href":"https:\/\/k2info.w.uib.no\/nb_no\/wp-json\/wp\/v2\/posts"}],"about":[{"href":"https:\/\/k2info.w.uib.no\/nb_no\/wp-json\/wp\/v2\/types\/post"}],"author":[{"embeddable":true,"href":"https:\/\/k2info.w.uib.no\/nb_no\/wp-json\/wp\/v2\/users\/4848"}],"replies":[{"embeddable":true,"href":"https:\/\/k2info.w.uib.no\/nb_no\/wp-json\/wp\/v2\/comments?post=21380"}],"version-history":[{"count":1,"href":"https:\/\/k2info.w.uib.no\/nb_no\/wp-json\/wp\/v2\/posts\/21380\/revisions"}],"predecessor-version":[{"id":21381,"href":"https:\/\/k2info.w.uib.no\/nb_no\/wp-json\/wp\/v2\/posts\/21380\/revisions\/21381"}],"wp:attachment":[{"href":"https:\/\/k2info.w.uib.no\/nb_no\/wp-json\/wp\/v2\/media?parent=21380"}],"wp:term":[{"taxonomy":"category","embeddable":true,"href":"https:\/\/k2info.w.uib.no\/nb_no\/wp-json\/wp\/v2\/categories?post=21380"},{"taxonomy":"post_tag","embeddable":true,"href":"https:\/\/k2info.w.uib.no\/nb_no\/wp-json\/wp\/v2\/tags?post=21380"}],"curies":[{"name":"wp","href":"https:\/\/api.w.org\/{rel}","templated":true}]}}