{"id":21194,"date":"2023-02-03T11:59:09","date_gmt":"2023-02-03T10:59:09","guid":{"rendered":"https:\/\/k2info.w.uib.no\/?p=21194"},"modified":"2023-02-10T11:34:49","modified_gmt":"2023-02-10T10:34:49","slug":"arbeidsliv-i-endring-hva-med-arbeidsmiljoet-digitalt-frokostseminar-mandag-20-februar-pa-zoom-kl-0830-1000","status":"publish","type":"post","link":"https:\/\/k2info.w.uib.no\/nb_no\/2023\/02\/03\/arbeidsliv-i-endring-hva-med-arbeidsmiljoet-digitalt-frokostseminar-mandag-20-februar-pa-zoom-kl-0830-1000\/","title":{"rendered":"[:no]Arbeidsliv i endring \u2013 hva med arbeidsmilj\u00f8et ? Digitalt frokostseminar mandag 20.februar p\u00e5 Zoom kl. 0830-1000[:]"},"content":{"rendered":"<p>[:no]Det gode arbeidsmilj\u00f8<\/p>\n<p>Arbeidsliv i endring \u2013 hva med arbeidsmilj\u00f8et ?<br \/>\n<em>Digitalt frokostseminar<\/em> <em>mandag 20.februar<\/em> <em>p\u00e5 Zoom kl.0830-1000<\/em><\/p>\n<p>Arbeidsmilj\u00f8 \u2013 organisasjonskultur\u00a0&#8211; medvirkning<\/p>\n<p><em>Arbeidsmilj\u00f8 handler om hvordan vi organiserer, planlegger og gjennomf\u00f8rer arbeidet v\u00e5rt.<br \/>\nEt godt arbeidsmilj\u00f8 kjennetegnes av god ledelse, medvirkning fra ansatte og tydelige organisatoriske rammer. Kompetanse, god kommunikasjon, mestring og anerkjennelse gir b\u00e5de trygghet og trivsel<\/em><em><br \/>\n<\/em><\/p>\n<p class=\"xmsonormal\" style=\"line-height: 18.0pt\"><b><i><span style=\"font-size: 12.0pt;font-family: 'Arial',sans-serif;color: #666666\">Gjennom frokostseminarserien Arbeidsliv i endring \u2013 hva med arbeidsmilj\u00f8et? \u00f8nsker vernetjenesten ved UiB \u00e5 sette s\u00f8kelys p\u00e5 betydningen av faktorer som bygger et godt arbeidsmilj\u00f8.<\/span><\/i><\/b><\/p>\n<p class=\"xmsonormal\"><span style=\"font-size: 12.0pt;font-family: 'Arial',sans-serif;color: black\">20. februar arrangerer Vernetjenesten ved UiB semesterets f\u00f8rste frokostseminar. Det foreg\u00e5r stadig viktige prosesser og endringer som p\u00e5virker UiB som organisasjon og arbeidsplass. Universitetsstyret skal i styrem\u00f8te 2.februar i \u00e5r vedta <\/span><span style=\"color: black\"><a href=\"https:\/\/ekstern.filer.uib.no\/ledelse\/universitetsstyret\/2023\/2023-02-02\/S_04-23-Ny-strategi-for-UiB-2023-2030.pdf\"><span style=\"font-size: 12.0pt;font-family: 'Arial',sans-serif\">UiBs nye strategi<\/span><\/a><\/span><span style=\"font-size: 12.0pt;font-family: 'Arial',sans-serif;color: black\">. Strategien inneholder et eget kapitel om universitetssamfunnet og organisasjonen og herunder arbeidsmilj\u00f8. Denne v\u00e5ren arbeides det ogs\u00e5 med \u00e5 lage ny handlingsplan for Helse Milj\u00f8 og Sikkerhet for UiB, og det er ogs\u00e5 en prosess i gang der vi etter hvert vil f\u00e5 nye systemer for saksbehandling og arkiv. <\/span><\/p>\n<p class=\"xmsonormal\"><span style=\"font-size: 12.0pt;font-family: 'Arial',sans-serif;color: black\">Vi \u00f8nsker i dette seminaret \u00e5 belyse:<br \/>\n&#8211; betydningen av en god organisasjonskultur og medvirkning fra ansatte<br \/>\n<\/span><span style=\"font-size: 12.0pt;font-family: 'Arial',sans-serif;color: black\">&#8211; betydningen av innflytelse p\u00e5 egen arbeidshverdag for \u00e5 bygge gode arbeidsmilj\u00f8 <\/span><\/p>\n<p class=\"xmsonormal\" style=\"line-height: 18.0pt\"><span style=\"font-size: 12.0pt;font-family: 'Arial',sans-serif;color: black\">Som bidragsytere til webinaret har vi invitert:<br \/>\n&#8211; F\u00f8rsteamanuensis <\/span><span style=\"color: black\"><a href=\"https:\/\/www.ntnu.no\/ansatte\/marit.christensen\"><span style=\"font-size: 12.0pt;font-family: 'Arial',sans-serif\">Marit Christensen<\/span><\/a><\/span><span style=\"font-size: 12.0pt;font-family: 'Arial',sans-serif;color: black\"> ved Institutt for psykologi ved NTNU.<br \/>\n&#8211; Assisterende universitetsdirekt\u00f8r, UiB <\/span><span style=\"color: black\"><a href=\"https:\/\/www.uib.no\/personer\/Tore.Tungodden\"><span style=\"font-size: 12.0pt;font-family: 'Arial',sans-serif\">Tore Tungodden<\/span><\/a><\/span><span style=\"font-size: 12.0pt;font-family: 'Arial',sans-serif;color: black\"><br \/>\n&#8211; Seksjonssjef, seksjon for arbeidsmilj\u00f8 og organisasjonsutvikling , HR-avdelingen UiB<br \/>\n<\/span><span style=\"color: black\"><a href=\"https:\/\/www.uib.no\/personer\/Ingve.Bergheim\"><span style=\"font-size: 12.0pt;font-family: 'Arial',sans-serif\">Ingve Bergheim<\/span><\/a><\/span><span style=\"font-size: 12.0pt;font-family: 'Arial',sans-serif;color: black\">. \u00a0<\/span><\/p>\n<p class=\"xmsonormal\"><b><span style=\"font-size: 12.0pt;font-family: 'Arial',sans-serif;color: black\">Seminaret arrangeres digitalt mandag 20.februar kl. 0830-1000 p\u00e5 Zoom, og du melder deg <\/span><\/b><span style=\"color: black\"><a href=\"https:\/\/skjemaker.app.uib.no\/view.php?id=14251986\"><b><span style=\"font-size: 12.0pt;font-family: 'Arial',sans-serif\">p\u00e5 her<\/span><\/b><\/a><\/span><\/p>\n<p class=\"xmsonormal\"><b><span style=\"font-size: 12.0pt;font-family: 'Arial',sans-serif;color: black\">P\u00e5melding innen arbeidsdagens slutt fredag den 17.februar.\u00a0\u00a0 <\/span><\/b><\/p>\n<p class=\"xmsonormal\"><span style=\"color: black\">\u00a0<\/span><span style=\"font-size: 12.0pt;font-family: 'Arial',sans-serif;color: black\">M\u00f8teledere:<br \/>\n<\/span><span style=\"color: black;font-family: Arial, sans-serif;font-size: 12pt\">June-Vibecke K. Indrevik, universitets hovedverneombud (UHVO) UiB og<br \/>\n<\/span><span style=\"font-size: 12.0pt;font-family: 'Arial',sans-serif;color: black\">Michael P. Riis\u00f8en, vara UHVO UiB.<\/span><\/p>\n<p class=\"xmsonormal\"><span style=\"color: black\">\u00a0<\/span><\/p>\n<p>[:]<\/p>\n","protected":false},"excerpt":{"rendered":"<p>[:no]Det gode arbeidsmilj\u00f8 Arbeidsliv i endring \u2013 hva med arbeidsmilj\u00f8et ? Digitalt frokostseminar mandag 20.februar p\u00e5 Zoom kl.0830-1000 Arbeidsmilj\u00f8 \u2013 organisasjonskultur\u00a0&#8211; medvirkning Arbeidsmilj\u00f8 handler om hvordan vi organiserer, planlegger og gjennomf\u00f8rer arbeidet v\u00e5rt. Et godt arbeidsmilj\u00f8 kjennetegnes av god ledelse,&hellip;<\/p>\n<p class=\"more-link-p\"><a class=\"more-link\" href=\"https:\/\/k2info.w.uib.no\/nb_no\/2023\/02\/03\/arbeidsliv-i-endring-hva-med-arbeidsmiljoet-digitalt-frokostseminar-mandag-20-februar-pa-zoom-kl-0830-1000\/\">Read more &rarr;<\/a><\/p>\n","protected":false},"author":4848,"featured_media":0,"comment_status":"open","ping_status":"open","sticky":false,"template":"","format":"standard","meta":{"footnotes":""},"categories":[65028,44,45498],"tags":[],"class_list":["post-21194","post","type-post","status-publish","format-standard","hentry","category-hms","category-nyheter","category-seminar-kurs-og-konferanser"],"_links":{"self":[{"href":"https:\/\/k2info.w.uib.no\/nb_no\/wp-json\/wp\/v2\/posts\/21194","targetHints":{"allow":["GET"]}}],"collection":[{"href":"https:\/\/k2info.w.uib.no\/nb_no\/wp-json\/wp\/v2\/posts"}],"about":[{"href":"https:\/\/k2info.w.uib.no\/nb_no\/wp-json\/wp\/v2\/types\/post"}],"author":[{"embeddable":true,"href":"https:\/\/k2info.w.uib.no\/nb_no\/wp-json\/wp\/v2\/users\/4848"}],"replies":[{"embeddable":true,"href":"https:\/\/k2info.w.uib.no\/nb_no\/wp-json\/wp\/v2\/comments?post=21194"}],"version-history":[{"count":1,"href":"https:\/\/k2info.w.uib.no\/nb_no\/wp-json\/wp\/v2\/posts\/21194\/revisions"}],"predecessor-version":[{"id":21195,"href":"https:\/\/k2info.w.uib.no\/nb_no\/wp-json\/wp\/v2\/posts\/21194\/revisions\/21195"}],"wp:attachment":[{"href":"https:\/\/k2info.w.uib.no\/nb_no\/wp-json\/wp\/v2\/media?parent=21194"}],"wp:term":[{"taxonomy":"category","embeddable":true,"href":"https:\/\/k2info.w.uib.no\/nb_no\/wp-json\/wp\/v2\/categories?post=21194"},{"taxonomy":"post_tag","embeddable":true,"href":"https:\/\/k2info.w.uib.no\/nb_no\/wp-json\/wp\/v2\/tags?post=21194"}],"curies":[{"name":"wp","href":"https:\/\/api.w.org\/{rel}","templated":true}]}}