{"id":21022,"date":"2022-12-22T15:35:02","date_gmt":"2022-12-22T14:35:02","guid":{"rendered":"https:\/\/k2info.w.uib.no\/?p=21022"},"modified":"2022-12-22T15:35:02","modified_gmt":"2022-12-22T14:35:02","slug":"skeivt-kulturar-2022","status":"publish","type":"post","link":"https:\/\/k2info.w.uib.no\/nb_no\/2022\/12\/22\/skeivt-kulturar-2022\/","title":{"rendered":"[:no]Skeivt kultur\u00e5r 2022[:]"},"content":{"rendered":"<p>[:no]Universitetet i Bergen har nettopp gjennomf\u00f8rt Skeivt kultur\u00e5r 2022. Gjennom Skeivt arkiv og flere sterke fagmilj\u00f8er, har UiB en viktig rolle i forvaltningen av landets skeive historie og stor relevans for v\u00e5r egen samtid.<\/p>\n<p>Kultur\u00e5ret ved UiB har v\u00e6rt organisert ved en styringsgruppe ledet av Benedicte Carlsen, Professor, viserektor for forskning og internasjonale relasjoner. Prosjektgruppen har v\u00e6rt ledet av Bj\u00f8rn Andr\u00e9 Widvey, Skeivt arkiv.<\/p>\n<p>Det jobbes n\u00e5 med \u00e5 utarbeide en rapport om kultur\u00e5ret. Rapporten vil bli publisert digitalt i b\u00e5de norsk og engelsk utgave, med et rikt billedmateriale. Den vil ogs\u00e5 komme i en trykket utgave.<\/p>\n<p>Har din enhet bidratt med noe i forbindelse med Skeivt kultur\u00e5r?\u00a0 Vi vil gjerne f\u00e5 innspill fra alle institutt- og senterledere p\u00e5 hvilken m\u00e5te dere eventuelt har bidratt.<\/p>\n<p>Vedlagt er p\u00e5begynt rapport, som viser hvilken form den vil ha.<\/p>\n<p>Send deres innspill i kronologisk rekkef\u00f8lge, med leveringsfrist <strong>fredag 13. januar 2023<\/strong>.<\/p>\n<p>Selve rapporten vil bli ferdigstilt til tirsdag 31. januar 2023.<\/p>\n<p>Innspillene sendes til Bj\u00f8rn Andr\u00e9 Widvey, r\u00e5dgiver Skeivt arkiv, <a href=\"mailto:bjorn.widvey@uib.no\">bjorn.widvey@uib.no<\/a>, som forfatter rapporten.[:]<\/p>\n","protected":false},"excerpt":{"rendered":"<p>[:no]Universitetet i Bergen har nettopp gjennomf\u00f8rt Skeivt kultur\u00e5r 2022. Gjennom Skeivt arkiv og flere sterke fagmilj\u00f8er, har UiB en viktig rolle i forvaltningen av landets skeive historie og stor relevans for v\u00e5r egen samtid. Kultur\u00e5ret ved UiB har v\u00e6rt organisert&hellip;<\/p>\n<p class=\"more-link-p\"><a class=\"more-link\" href=\"https:\/\/k2info.w.uib.no\/nb_no\/2022\/12\/22\/skeivt-kulturar-2022\/\">Read more &rarr;<\/a><\/p>\n","protected":false},"author":4848,"featured_media":0,"comment_status":"open","ping_status":"open","sticky":false,"template":"","format":"standard","meta":{"footnotes":""},"categories":[44],"tags":[],"class_list":["post-21022","post","type-post","status-publish","format-standard","hentry","category-nyheter"],"_links":{"self":[{"href":"https:\/\/k2info.w.uib.no\/nb_no\/wp-json\/wp\/v2\/posts\/21022","targetHints":{"allow":["GET"]}}],"collection":[{"href":"https:\/\/k2info.w.uib.no\/nb_no\/wp-json\/wp\/v2\/posts"}],"about":[{"href":"https:\/\/k2info.w.uib.no\/nb_no\/wp-json\/wp\/v2\/types\/post"}],"author":[{"embeddable":true,"href":"https:\/\/k2info.w.uib.no\/nb_no\/wp-json\/wp\/v2\/users\/4848"}],"replies":[{"embeddable":true,"href":"https:\/\/k2info.w.uib.no\/nb_no\/wp-json\/wp\/v2\/comments?post=21022"}],"version-history":[{"count":1,"href":"https:\/\/k2info.w.uib.no\/nb_no\/wp-json\/wp\/v2\/posts\/21022\/revisions"}],"predecessor-version":[{"id":21023,"href":"https:\/\/k2info.w.uib.no\/nb_no\/wp-json\/wp\/v2\/posts\/21022\/revisions\/21023"}],"wp:attachment":[{"href":"https:\/\/k2info.w.uib.no\/nb_no\/wp-json\/wp\/v2\/media?parent=21022"}],"wp:term":[{"taxonomy":"category","embeddable":true,"href":"https:\/\/k2info.w.uib.no\/nb_no\/wp-json\/wp\/v2\/categories?post=21022"},{"taxonomy":"post_tag","embeddable":true,"href":"https:\/\/k2info.w.uib.no\/nb_no\/wp-json\/wp\/v2\/tags?post=21022"}],"curies":[{"name":"wp","href":"https:\/\/api.w.org\/{rel}","templated":true}]}}