{"id":20945,"date":"2022-12-02T08:00:01","date_gmt":"2022-12-02T07:00:01","guid":{"rendered":"https:\/\/k2info.w.uib.no\/?p=20945"},"modified":"2022-12-08T13:46:01","modified_gmt":"2022-12-08T12:46:01","slug":"emeriti-lunsj-2022","status":"publish","type":"post","link":"https:\/\/k2info.w.uib.no\/nb_no\/2022\/12\/02\/emeriti-lunsj-2022\/","title":{"rendered":"[:no]Emeriti-lunsj 2022[:en]Emeriti-lunch 2022[:]"},"content":{"rendered":"<p>[:no]Endelig ble det tid for julelunsj med K2 sine emeriti for f\u00f8rste gang p\u00e5 tre \u00e5r.\u00a0 Pandemien har gjort at det dessverre ikke har v\u00e6rt mulig \u00e5 avvikle de siste \u00e5rene.<\/p>\n<p>Det ble en veldig fin og hyggelig lunsj for alle.\u00a0 Eystein Husebye \u00f8nsket velkommen og Nina Langeland holdt foredrag om nettopp pandemi, noe som ble etterfulgt av sp\u00f8rsm\u00e5l og diskusjoner. Arne Skarstein holdt en flott tale, og at man kan samles slik en gang i \u00e5ret er noe alle \u00f8nsker og setter stor pris p\u00e5.<\/p>\n<p>Tusen takk for hyggelig lunsj til en engasjert og aktiv emeriti-gruppe!<\/p>\n<p><a href=\"http:\/\/k2info.w.uib.no\/files\/2022\/12\/emeriti1.jpg\"><img loading=\"lazy\" decoding=\"async\" class=\"alignnone size-medium wp-image-20946\" src=\"http:\/\/k2info.w.uib.no\/files\/2022\/12\/emeriti1-135x300.jpg\" alt=\"\" width=\"135\" height=\"300\" srcset=\"https:\/\/k2info.w.uib.no\/files\/2022\/12\/emeriti1-135x300.jpg 135w, https:\/\/k2info.w.uib.no\/files\/2022\/12\/emeriti1.jpg 139w\" sizes=\"auto, (max-width: 135px) 100vw, 135px\" \/><\/a><a href=\"http:\/\/k2info.w.uib.no\/files\/2022\/12\/emeriti2.jpg\"><img loading=\"lazy\" decoding=\"async\" class=\"alignnone size-medium wp-image-20947\" src=\"http:\/\/k2info.w.uib.no\/files\/2022\/12\/emeriti2-300x135.jpg\" alt=\"\" width=\"300\" height=\"135\" srcset=\"https:\/\/k2info.w.uib.no\/files\/2022\/12\/emeriti2-300x135.jpg 300w, https:\/\/k2info.w.uib.no\/files\/2022\/12\/emeriti2.jpg 502w\" sizes=\"auto, (max-width: 300px) 100vw, 300px\" \/><\/a>[:en]Finally time for emeriti lunch for the first time in three years. Due to the pandemic we have not been able to arrange this the last years.<\/p>\n<p>A very fine happening for everybody. Eystein Husebye welcomed and Nina Langeland held a lecture about pandemic.\u00a0 Arne Skarstein held a fine speech and we all want to meet like this once a year.<\/p>\n<p>Thank you so much to a committed and active emeriti-group!<\/p>\n<p><a href=\"http:\/\/k2info.w.uib.no\/files\/2022\/12\/emeriti1.jpg\"><img loading=\"lazy\" decoding=\"async\" class=\"alignnone size-medium wp-image-20946\" src=\"http:\/\/k2info.w.uib.no\/files\/2022\/12\/emeriti1-135x300.jpg\" alt=\"\" width=\"135\" height=\"300\" srcset=\"https:\/\/k2info.w.uib.no\/files\/2022\/12\/emeriti1-135x300.jpg 135w, https:\/\/k2info.w.uib.no\/files\/2022\/12\/emeriti1.jpg 139w\" sizes=\"auto, (max-width: 135px) 100vw, 135px\" \/><\/a> <a href=\"http:\/\/k2info.w.uib.no\/files\/2022\/12\/emeriti2.jpg\"><img loading=\"lazy\" decoding=\"async\" class=\"alignnone size-medium wp-image-20947\" src=\"http:\/\/k2info.w.uib.no\/files\/2022\/12\/emeriti2-300x135.jpg\" alt=\"\" width=\"300\" height=\"135\" srcset=\"https:\/\/k2info.w.uib.no\/files\/2022\/12\/emeriti2-300x135.jpg 300w, https:\/\/k2info.w.uib.no\/files\/2022\/12\/emeriti2.jpg 502w\" sizes=\"auto, (max-width: 300px) 100vw, 300px\" \/><\/a>[:]<\/p>\n","protected":false},"excerpt":{"rendered":"<p>[:no]Endelig ble det tid for julelunsj med K2 sine emeriti for f\u00f8rste gang p\u00e5 tre \u00e5r.\u00a0 Pandemien har gjort at det dessverre ikke har v\u00e6rt mulig \u00e5 avvikle de siste \u00e5rene. Det ble en veldig fin og hyggelig lunsj for&hellip;<\/p>\n<p class=\"more-link-p\"><a class=\"more-link\" href=\"https:\/\/k2info.w.uib.no\/nb_no\/2022\/12\/02\/emeriti-lunsj-2022\/\">Read more &rarr;<\/a><\/p>\n","protected":false},"author":4848,"featured_media":0,"comment_status":"open","ping_status":"open","sticky":false,"template":"","format":"standard","meta":{"footnotes":""},"categories":[44],"tags":[],"class_list":["post-20945","post","type-post","status-publish","format-standard","hentry","category-nyheter"],"_links":{"self":[{"href":"https:\/\/k2info.w.uib.no\/nb_no\/wp-json\/wp\/v2\/posts\/20945","targetHints":{"allow":["GET"]}}],"collection":[{"href":"https:\/\/k2info.w.uib.no\/nb_no\/wp-json\/wp\/v2\/posts"}],"about":[{"href":"https:\/\/k2info.w.uib.no\/nb_no\/wp-json\/wp\/v2\/types\/post"}],"author":[{"embeddable":true,"href":"https:\/\/k2info.w.uib.no\/nb_no\/wp-json\/wp\/v2\/users\/4848"}],"replies":[{"embeddable":true,"href":"https:\/\/k2info.w.uib.no\/nb_no\/wp-json\/wp\/v2\/comments?post=20945"}],"version-history":[{"count":1,"href":"https:\/\/k2info.w.uib.no\/nb_no\/wp-json\/wp\/v2\/posts\/20945\/revisions"}],"predecessor-version":[{"id":20948,"href":"https:\/\/k2info.w.uib.no\/nb_no\/wp-json\/wp\/v2\/posts\/20945\/revisions\/20948"}],"wp:attachment":[{"href":"https:\/\/k2info.w.uib.no\/nb_no\/wp-json\/wp\/v2\/media?parent=20945"}],"wp:term":[{"taxonomy":"category","embeddable":true,"href":"https:\/\/k2info.w.uib.no\/nb_no\/wp-json\/wp\/v2\/categories?post=20945"},{"taxonomy":"post_tag","embeddable":true,"href":"https:\/\/k2info.w.uib.no\/nb_no\/wp-json\/wp\/v2\/tags?post=20945"}],"curies":[{"name":"wp","href":"https:\/\/api.w.org\/{rel}","templated":true}]}}