{"id":20357,"date":"2022-06-17T07:49:39","date_gmt":"2022-06-17T06:49:39","guid":{"rendered":"https:\/\/k2info.w.uib.no\/?p=20357"},"modified":"2022-06-24T12:43:44","modified_gmt":"2022-06-24T11:43:44","slug":"alrekdagene-2022-a-skape-samhandling-kunnskap-og-losninger","status":"publish","type":"post","link":"https:\/\/k2info.w.uib.no\/nb_no\/2022\/06\/17\/alrekdagene-2022-a-skape-samhandling-kunnskap-og-losninger\/","title":{"rendered":"[:no]Alrekdagene 2022 \u2013 \u00c5 skape samhandling, kunnskap og l\u00f8sninger[:]"},"content":{"rendered":"<p>[:no]Bli kjent med hva som foreg\u00e5r i klyngen! Delta p\u00e5 lansering av v\u00e5r nye strategi og p\u00e5 startskuddet for Alrekpodden. I \u00e5rets Alrekdager inviterer vi deg til \u00e5 bes\u00f8ke Alrekpartnerene dine ogs\u00e5 utenfor \u00c5rstadveien 17, p\u00e5 nye Haraldsplass helsecampus og p\u00e5 Energisenteret i Glassblokkene. Vi utforsker VR, gamingteknologi og det \u00f8kende \u00f8nsket og behovet for praksisl\u00e6ring. Vi kickstarter Alrekdagene 2022 med en \u00abDay Zero\u00bb onsdag 21. september, der vi viser filmen \u00abNattebarn\u00bb \u2013 en film om \u00e5 velge livet. Det blir regiss\u00f8rsamtale, innlegg og diskusjon p\u00e5 tvers av idrett, musikk, helsetjenester og akademia. For studenter og arbeidsliv arrangerer vi karrieretorg fredag klokken 14:00. Vi avslutter med forskningsnatten \u00abEn generasjon satt p\u00e5 spill?\u00bb p\u00e5 Spillhuset i Bergen. Der inviterer vi foreldre til kunnskapsp\u00e5fyll for \u00e5 gj\u00f8re kloke beslutninger om gaming og helse sammen med sine barn. Alrekdagene arrangeres i samarbeid med Forskningsdagene i Bergen, og inng\u00e5r i programmet til Innovasjonsuken OPP.<\/p>\n<p>Programside: <a href=\"https:\/\/alrekhelseklynge.no\/arrangementer\/alrekdagene-2022\/\">Alrekdagene 2022, 21.-23. september! &#8211; Alrek (alrekhelseklynge.no)<\/a>[:]<\/p>\n","protected":false},"excerpt":{"rendered":"<p>[:no]Bli kjent med hva som foreg\u00e5r i klyngen! Delta p\u00e5 lansering av v\u00e5r nye strategi og p\u00e5 startskuddet for Alrekpodden. I \u00e5rets Alrekdager inviterer vi deg til \u00e5 bes\u00f8ke Alrekpartnerene dine ogs\u00e5 utenfor \u00c5rstadveien 17, p\u00e5 nye Haraldsplass helsecampus og&hellip;<\/p>\n<p class=\"more-link-p\"><a class=\"more-link\" href=\"https:\/\/k2info.w.uib.no\/nb_no\/2022\/06\/17\/alrekdagene-2022-a-skape-samhandling-kunnskap-og-losninger\/\">Read more &rarr;<\/a><\/p>\n","protected":false},"author":4848,"featured_media":0,"comment_status":"open","ping_status":"open","sticky":false,"template":"","format":"standard","meta":{"footnotes":""},"categories":[44,45498],"tags":[],"class_list":["post-20357","post","type-post","status-publish","format-standard","hentry","category-nyheter","category-seminar-kurs-og-konferanser"],"_links":{"self":[{"href":"https:\/\/k2info.w.uib.no\/nb_no\/wp-json\/wp\/v2\/posts\/20357","targetHints":{"allow":["GET"]}}],"collection":[{"href":"https:\/\/k2info.w.uib.no\/nb_no\/wp-json\/wp\/v2\/posts"}],"about":[{"href":"https:\/\/k2info.w.uib.no\/nb_no\/wp-json\/wp\/v2\/types\/post"}],"author":[{"embeddable":true,"href":"https:\/\/k2info.w.uib.no\/nb_no\/wp-json\/wp\/v2\/users\/4848"}],"replies":[{"embeddable":true,"href":"https:\/\/k2info.w.uib.no\/nb_no\/wp-json\/wp\/v2\/comments?post=20357"}],"version-history":[{"count":1,"href":"https:\/\/k2info.w.uib.no\/nb_no\/wp-json\/wp\/v2\/posts\/20357\/revisions"}],"predecessor-version":[{"id":20358,"href":"https:\/\/k2info.w.uib.no\/nb_no\/wp-json\/wp\/v2\/posts\/20357\/revisions\/20358"}],"wp:attachment":[{"href":"https:\/\/k2info.w.uib.no\/nb_no\/wp-json\/wp\/v2\/media?parent=20357"}],"wp:term":[{"taxonomy":"category","embeddable":true,"href":"https:\/\/k2info.w.uib.no\/nb_no\/wp-json\/wp\/v2\/categories?post=20357"},{"taxonomy":"post_tag","embeddable":true,"href":"https:\/\/k2info.w.uib.no\/nb_no\/wp-json\/wp\/v2\/tags?post=20357"}],"curies":[{"name":"wp","href":"https:\/\/api.w.org\/{rel}","templated":true}]}}