{"id":19471,"date":"2021-10-29T10:42:17","date_gmt":"2021-10-29T09:42:17","guid":{"rendered":"https:\/\/k2info.w.uib.no\/?p=19471"},"modified":"2021-10-29T10:52:28","modified_gmt":"2021-10-29T09:52:28","slug":"feiring-av-tildeling-av-kong-olav-vs-kreftforskningspris-til-bjorn-tore-gjertsen","status":"publish","type":"post","link":"https:\/\/k2info.w.uib.no\/nb_no\/2021\/10\/29\/feiring-av-tildeling-av-kong-olav-vs-kreftforskningspris-til-bjorn-tore-gjertsen\/","title":{"rendered":"[:no]Feiring av tildeling av Kong Olav Vs Kreftforskningspris til Bj\u00f8rn Tore Gjertsen[:]"},"content":{"rendered":"<p>[:no]Onsdag 20. oktober ble Bj\u00f8rn Tore Gjertsen feiret med musikalske innslag, taler og foredrag b\u00e5de fra Universitetet og Helse Bergen i auditoriet i sentralblokken.\u00a0 Fra K2 holdt nestleder Eystein Husebye en rosende tale med gratulasjoner og overrekkelse av blomster.\u00a0 Feiringen ble avsluttet med kaker, tapas og mingling.<\/p>\n<p><a href=\"https:\/\/www.uib.no\/ccbio\/149039\/bj%C3%B8rn-tore-gjertsen-%E2%80%93-ein-ekte-translasjonist\">Les mer her.<\/a><\/p>\n<p><a href=\"http:\/\/k2info.w.uib.no\/files\/2021\/10\/Gjertsen-feiring2-scaled.jpg\"><img loading=\"lazy\" decoding=\"async\" class=\"alignnone size-medium wp-image-19473\" src=\"http:\/\/k2info.w.uib.no\/files\/2021\/10\/Gjertsen-feiring2-300x207.jpg\" alt=\"\" width=\"300\" height=\"207\" srcset=\"https:\/\/k2info.w.uib.no\/files\/2021\/10\/Gjertsen-feiring2-300x207.jpg 300w, https:\/\/k2info.w.uib.no\/files\/2021\/10\/Gjertsen-feiring2-1024x707.jpg 1024w, https:\/\/k2info.w.uib.no\/files\/2021\/10\/Gjertsen-feiring2-768x531.jpg 768w, https:\/\/k2info.w.uib.no\/files\/2021\/10\/Gjertsen-feiring2-1536x1061.jpg 1536w, https:\/\/k2info.w.uib.no\/files\/2021\/10\/Gjertsen-feiring2-2048x1415.jpg 2048w, https:\/\/k2info.w.uib.no\/files\/2021\/10\/Gjertsen-feiring2-624x431.jpg 624w\" sizes=\"auto, (max-width: 300px) 100vw, 300px\" \/><\/a> <a href=\"http:\/\/k2info.w.uib.no\/files\/2021\/10\/Gjertsen-feiring1-scaled.jpg\"><img loading=\"lazy\" decoding=\"async\" class=\"alignnone size-medium wp-image-19472\" src=\"http:\/\/k2info.w.uib.no\/files\/2021\/10\/Gjertsen-feiring1-300x207.jpg\" alt=\"\" width=\"300\" height=\"207\" srcset=\"https:\/\/k2info.w.uib.no\/files\/2021\/10\/Gjertsen-feiring1-300x207.jpg 300w, https:\/\/k2info.w.uib.no\/files\/2021\/10\/Gjertsen-feiring1-1024x706.jpg 1024w, https:\/\/k2info.w.uib.no\/files\/2021\/10\/Gjertsen-feiring1-768x530.jpg 768w, https:\/\/k2info.w.uib.no\/files\/2021\/10\/Gjertsen-feiring1-1536x1060.jpg 1536w, https:\/\/k2info.w.uib.no\/files\/2021\/10\/Gjertsen-feiring1-2048x1413.jpg 2048w, https:\/\/k2info.w.uib.no\/files\/2021\/10\/Gjertsen-feiring1-624x430.jpg 624w\" sizes=\"auto, (max-width: 300px) 100vw, 300px\" \/><\/a><\/p>\n<p>&nbsp;[:]<\/p>\n","protected":false},"excerpt":{"rendered":"<p>[:no]Onsdag 20. oktober ble Bj\u00f8rn Tore Gjertsen feiret med musikalske innslag, taler og foredrag b\u00e5de fra Universitetet og Helse Bergen i auditoriet i sentralblokken.\u00a0 Fra K2 holdt nestleder Eystein Husebye en rosende tale med gratulasjoner og overrekkelse av blomster.\u00a0 Feiringen&hellip;<\/p>\n<p class=\"more-link-p\"><a class=\"more-link\" href=\"https:\/\/k2info.w.uib.no\/nb_no\/2021\/10\/29\/feiring-av-tildeling-av-kong-olav-vs-kreftforskningspris-til-bjorn-tore-gjertsen\/\">Read more &rarr;<\/a><\/p>\n","protected":false},"author":4848,"featured_media":0,"comment_status":"open","ping_status":"open","sticky":false,"template":"","format":"standard","meta":{"footnotes":""},"categories":[44,65036],"tags":[],"class_list":["post-19471","post","type-post","status-publish","format-standard","hentry","category-nyheter","category-nytt-om-navn"],"_links":{"self":[{"href":"https:\/\/k2info.w.uib.no\/nb_no\/wp-json\/wp\/v2\/posts\/19471","targetHints":{"allow":["GET"]}}],"collection":[{"href":"https:\/\/k2info.w.uib.no\/nb_no\/wp-json\/wp\/v2\/posts"}],"about":[{"href":"https:\/\/k2info.w.uib.no\/nb_no\/wp-json\/wp\/v2\/types\/post"}],"author":[{"embeddable":true,"href":"https:\/\/k2info.w.uib.no\/nb_no\/wp-json\/wp\/v2\/users\/4848"}],"replies":[{"embeddable":true,"href":"https:\/\/k2info.w.uib.no\/nb_no\/wp-json\/wp\/v2\/comments?post=19471"}],"version-history":[{"count":2,"href":"https:\/\/k2info.w.uib.no\/nb_no\/wp-json\/wp\/v2\/posts\/19471\/revisions"}],"predecessor-version":[{"id":19485,"href":"https:\/\/k2info.w.uib.no\/nb_no\/wp-json\/wp\/v2\/posts\/19471\/revisions\/19485"}],"wp:attachment":[{"href":"https:\/\/k2info.w.uib.no\/nb_no\/wp-json\/wp\/v2\/media?parent=19471"}],"wp:term":[{"taxonomy":"category","embeddable":true,"href":"https:\/\/k2info.w.uib.no\/nb_no\/wp-json\/wp\/v2\/categories?post=19471"},{"taxonomy":"post_tag","embeddable":true,"href":"https:\/\/k2info.w.uib.no\/nb_no\/wp-json\/wp\/v2\/tags?post=19471"}],"curies":[{"name":"wp","href":"https:\/\/api.w.org\/{rel}","templated":true}]}}