{"id":19279,"date":"2021-09-03T08:30:47","date_gmt":"2021-09-03T07:30:47","guid":{"rendered":"https:\/\/k2info.w.uib.no\/?p=19279"},"modified":"2021-09-03T09:53:00","modified_gmt":"2021-09-03T08:53:00","slug":"demensforskningsprisen","status":"publish","type":"post","link":"https:\/\/k2info.w.uib.no\/nb_no\/2021\/09\/03\/demensforskningsprisen\/","title":{"rendered":"[:no]Demensforskningsprisen[:]"},"content":{"rendered":"<p>[:no]Nasjonalforeningen for folkehelsen \u00f8nsker \u00e5 stimulere til forskning innen demensfeltet. Vi utlyser derfor en Demensforskningspris som vil bli utdelt under en h\u00f8ytidelig seremoni i februar 2022. Det oppfordres herved til \u00e5 sende inn forslag p\u00e5 aktuelle kandidater.<\/p>\n<p>Vennligst fyll ut vedlagte nominasjonsskjema og send til <a href=\"mailto:forskning@nasjonalforeningen.no\">forskning@nasjonalforeningen.no<\/a> innen 1. oktober 2021.<\/p>\n<p>Prisen er en anerkjennelse som gis p\u00e5 grunnlag av ett eller flere av f\u00f8lgende kriterier:<\/p>\n<p>En forsker eller forskergruppe som har bidratt til banebrytende forskningsresultater nasjonalt og internasjonalt som har \u00f8kt kunnskapsgrunnlaget om risikofaktorer, \u00e5rsakssammenhenger, forebyggende tiltak, diagnostiske metoder eller effektiv behandling.<\/p>\n<p>En forsker eller forskningsgruppe som har hatt et ekstraordin\u00e6rt godt nasjonalt og eventuelt internasjonalt forskningssamarbeid og\/eller tverrvitenskapelig samarbeid som kan g\u00e5 foran som eksempel for andre.<\/p>\n<p>En forsker som er tidlig i sin forskerkarriere som har gjort en s\u00e6rlig innsats p\u00e5 omr\u00e5dene nevnt over, og som i framtiden har potensiale til \u00e5 ta en sentral rolle i \u00e5 fremme og heve demensforskningsfeltet i Norge.<\/p>\n<p>Se <a href=\"https:\/\/nasjonalforeningen.no\/om-oss\/om-nasjonalforeningen\/demensforskningsprisen\/\">her<\/a> for mer informasjon om kriterier og retningslinjer for Demensforskningsprisen.<\/p>\n<p>Demensforskningsprisen utgj\u00f8r 200 000 kroner og et grafisk blad. Prisbel\u00f8pet skal benyttes til forskningsrelatert arbeid.<\/p>\n<p>Kandidater kan fremmes fra alle forskningsmilj\u00f8er, men det er ikke anledning til \u00e5 fremme eget kandidatur. Nominasjonen skal fremmes via\u00a0<a href=\"https:\/\/nasjonalforeningen.no\/contentassets\/18b8a5d51c06465ab39dec50da0e0bc6\/nominasjonsskjema_demensforskningspris_2022_nasjonalforeningenforfolkehelsen.docx\">standardisert skjema (docx)<\/a>.<\/p>\n<p>For eventuelle sp\u00f8rsm\u00e5l, vennligst kontakt: Forskningssjef Anne Rita \u00d8kseng\u00e5rd E\u2010post: anok@nasjonalforeningen.no Tlf: 48 10 21 33[:]<\/p>\n","protected":false},"excerpt":{"rendered":"<p>[:no]Nasjonalforeningen for folkehelsen \u00f8nsker \u00e5 stimulere til forskning innen demensfeltet. Vi utlyser derfor en Demensforskningspris som vil bli utdelt under en h\u00f8ytidelig seremoni i februar 2022. Det oppfordres herved til \u00e5 sende inn forslag p\u00e5 aktuelle kandidater. Vennligst fyll ut&hellip;<\/p>\n<p class=\"more-link-p\"><a class=\"more-link\" href=\"https:\/\/k2info.w.uib.no\/nb_no\/2021\/09\/03\/demensforskningsprisen\/\">Read more &rarr;<\/a><\/p>\n","protected":false},"author":2783,"featured_media":0,"comment_status":"open","ping_status":"open","sticky":false,"template":"","format":"standard","meta":{"footnotes":""},"categories":[44],"tags":[],"class_list":["post-19279","post","type-post","status-publish","format-standard","hentry","category-nyheter"],"_links":{"self":[{"href":"https:\/\/k2info.w.uib.no\/nb_no\/wp-json\/wp\/v2\/posts\/19279","targetHints":{"allow":["GET"]}}],"collection":[{"href":"https:\/\/k2info.w.uib.no\/nb_no\/wp-json\/wp\/v2\/posts"}],"about":[{"href":"https:\/\/k2info.w.uib.no\/nb_no\/wp-json\/wp\/v2\/types\/post"}],"author":[{"embeddable":true,"href":"https:\/\/k2info.w.uib.no\/nb_no\/wp-json\/wp\/v2\/users\/2783"}],"replies":[{"embeddable":true,"href":"https:\/\/k2info.w.uib.no\/nb_no\/wp-json\/wp\/v2\/comments?post=19279"}],"version-history":[{"count":1,"href":"https:\/\/k2info.w.uib.no\/nb_no\/wp-json\/wp\/v2\/posts\/19279\/revisions"}],"predecessor-version":[{"id":19280,"href":"https:\/\/k2info.w.uib.no\/nb_no\/wp-json\/wp\/v2\/posts\/19279\/revisions\/19280"}],"wp:attachment":[{"href":"https:\/\/k2info.w.uib.no\/nb_no\/wp-json\/wp\/v2\/media?parent=19279"}],"wp:term":[{"taxonomy":"category","embeddable":true,"href":"https:\/\/k2info.w.uib.no\/nb_no\/wp-json\/wp\/v2\/categories?post=19279"},{"taxonomy":"post_tag","embeddable":true,"href":"https:\/\/k2info.w.uib.no\/nb_no\/wp-json\/wp\/v2\/tags?post=19279"}],"curies":[{"name":"wp","href":"https:\/\/api.w.org\/{rel}","templated":true}]}}