{"id":19262,"date":"2021-09-03T08:41:41","date_gmt":"2021-09-03T07:41:41","guid":{"rendered":"https:\/\/k2info.w.uib.no\/?p=19262"},"modified":"2021-09-03T08:41:41","modified_gmt":"2021-09-03T07:41:41","slug":"pandemifrokost-invitasjon","status":"publish","type":"post","link":"https:\/\/k2info.w.uib.no\/nb_no\/2021\/09\/03\/pandemifrokost-invitasjon\/","title":{"rendered":"[:no]Pandemifrokost &#8211; invitasjon[:]"},"content":{"rendered":"<p>[:no]Bli med p\u00e5 h\u00f8stens f\u00f8rste Pandemifrokost! L\u00e6r om hvordan pandemien har p\u00e5virket medievanene v\u00e5re, treff studenter og gode kolleger ved UiB og kom med dine tanker og ideer.<\/p>\n<p><a href=\"https:\/\/www.uib.no\/pandemi\/147452\/pandemifrokost-1\">For mer informasjon og p\u00e5melding.<\/a><\/p>\n<p><img loading=\"lazy\" decoding=\"async\" class=\"alignleft  wp-image-19263\" src=\"http:\/\/k2info.w.uib.no\/files\/2021\/09\/pandemifrokost_02_uib.no_-300x200.jpg\" alt=\"\" width=\"374\" height=\"249\" srcset=\"https:\/\/k2info.w.uib.no\/files\/2021\/09\/pandemifrokost_02_uib.no_-300x200.jpg 300w, https:\/\/k2info.w.uib.no\/files\/2021\/09\/pandemifrokost_02_uib.no_-1024x683.jpg 1024w, https:\/\/k2info.w.uib.no\/files\/2021\/09\/pandemifrokost_02_uib.no_-768x512.jpg 768w, https:\/\/k2info.w.uib.no\/files\/2021\/09\/pandemifrokost_02_uib.no_-624x416.jpg 624w, https:\/\/k2info.w.uib.no\/files\/2021\/09\/pandemifrokost_02_uib.no_.jpg 1201w\" sizes=\"auto, (max-width: 374px) 100vw, 374px\" \/>[:]<\/p>\n","protected":false},"excerpt":{"rendered":"<p>[:no]Bli med p\u00e5 h\u00f8stens f\u00f8rste Pandemifrokost! L\u00e6r om hvordan pandemien har p\u00e5virket medievanene v\u00e5re, treff studenter og gode kolleger ved UiB og kom med dine tanker og ideer. For mer informasjon og p\u00e5melding. [:]<\/p>\n<p class=\"more-link-p\"><a class=\"more-link\" href=\"https:\/\/k2info.w.uib.no\/nb_no\/2021\/09\/03\/pandemifrokost-invitasjon\/\">Read more &rarr;<\/a><\/p>\n","protected":false},"author":2783,"featured_media":0,"comment_status":"open","ping_status":"open","sticky":false,"template":"","format":"standard","meta":{"footnotes":""},"categories":[44,45498],"tags":[],"class_list":["post-19262","post","type-post","status-publish","format-standard","hentry","category-nyheter","category-seminar-kurs-og-konferanser"],"_links":{"self":[{"href":"https:\/\/k2info.w.uib.no\/nb_no\/wp-json\/wp\/v2\/posts\/19262","targetHints":{"allow":["GET"]}}],"collection":[{"href":"https:\/\/k2info.w.uib.no\/nb_no\/wp-json\/wp\/v2\/posts"}],"about":[{"href":"https:\/\/k2info.w.uib.no\/nb_no\/wp-json\/wp\/v2\/types\/post"}],"author":[{"embeddable":true,"href":"https:\/\/k2info.w.uib.no\/nb_no\/wp-json\/wp\/v2\/users\/2783"}],"replies":[{"embeddable":true,"href":"https:\/\/k2info.w.uib.no\/nb_no\/wp-json\/wp\/v2\/comments?post=19262"}],"version-history":[{"count":1,"href":"https:\/\/k2info.w.uib.no\/nb_no\/wp-json\/wp\/v2\/posts\/19262\/revisions"}],"predecessor-version":[{"id":19264,"href":"https:\/\/k2info.w.uib.no\/nb_no\/wp-json\/wp\/v2\/posts\/19262\/revisions\/19264"}],"wp:attachment":[{"href":"https:\/\/k2info.w.uib.no\/nb_no\/wp-json\/wp\/v2\/media?parent=19262"}],"wp:term":[{"taxonomy":"category","embeddable":true,"href":"https:\/\/k2info.w.uib.no\/nb_no\/wp-json\/wp\/v2\/categories?post=19262"},{"taxonomy":"post_tag","embeddable":true,"href":"https:\/\/k2info.w.uib.no\/nb_no\/wp-json\/wp\/v2\/tags?post=19262"}],"curies":[{"name":"wp","href":"https:\/\/api.w.org\/{rel}","templated":true}]}}