{"id":19038,"date":"2021-05-19T12:42:00","date_gmt":"2021-05-19T11:42:00","guid":{"rendered":"https:\/\/k2info.w.uib.no\/?p=19038"},"modified":"2021-05-19T12:42:33","modified_gmt":"2021-05-19T11:42:33","slug":"regjeringens-langtidsplan-for-forskning-og-hoyere-utdanning-skal-revideres","status":"publish","type":"post","link":"https:\/\/k2info.w.uib.no\/nb_no\/2021\/05\/19\/regjeringens-langtidsplan-for-forskning-og-hoyere-utdanning-skal-revideres\/","title":{"rendered":"[:no]Regjeringens langtidsplan for forskning og h\u00f8yere utdanning skal revideres[:en]The Government&#8217;s long-term plan for research and higher education is to be revised[:]"},"content":{"rendered":"<p>[:no]<img loading=\"lazy\" decoding=\"async\" class=\"alignleft size-full wp-image-18803\" src=\"http:\/\/k2info.w.uib.no\/files\/2021\/02\/Pal-Njolstad.png\" alt=\"\" width=\"250\" height=\"328\" srcset=\"https:\/\/k2info.w.uib.no\/files\/2021\/02\/Pal-Njolstad.png 250w, https:\/\/k2info.w.uib.no\/files\/2021\/02\/Pal-Njolstad-229x300.png 229w\" sizes=\"auto, (max-width: 250px) 100vw, 250px\" \/>Regjeringens langtidsplan for forskning og h\u00f8yere utdanning er et viktig, strategisk virkemiddel i kunnskapspolitikken. Gjeldende langtidsplan skal n\u00e5 revideres.\u00a0 Se her for mer info om langtidsplanen:<\/p>\n<p><a href=\"https:\/\/www.regjeringen.no\/no\/tema\/forskning\/innsiktsartikler\/langtidsplan-for-forskning-og-hoyere-utdanning2\/id2615974\/\">https:\/\/www.regjeringen.no\/no\/tema\/forskning\/innsiktsartikler\/langtidsplan-for-forskning-og-hoyere-utdanning2\/id2615974\/<\/a><\/p>\n<p>I forbindelse med revisjonen har UiB-ledelsen bedt om innspill fra fakultetene\u00a0<em>i to omganger<\/em>:<\/p>\n<p>Runde 1:<\/p>\n<p>F\u00f8rste innspillrunde for UiB sin del er et dialogm\u00f8te mellom UiB-ledelsen og KD 28. mai 2021. I forbindelse med dette har Rektor bedt om\u00a0<em>korte og overordned<\/em>e innspill fra fakultetene. P\u00e5 grunn av sv\u00e6rt kort frist har K2 ledelsen i en egen mail bedt forskningsgruppelederne om hjelp til \u00e5 svare p\u00e5 f\u00f8lgende sp\u00f8rsm\u00e5l:<\/p>\n<p><em>Hva er det mest fremtredende utviklingstrekk i fakultetenes forskning\/fagfeltene?\u00a0<\/em><\/p>\n<p><strong><em>Svar <\/em><\/strong><strong><em>er bedt <\/em><\/strong><strong><em>send<\/em><\/strong><strong><em>t<\/em><\/strong><strong><em> til <\/em><\/strong><strong><em>Silke Appel <\/em><\/strong><strong><em>innen <\/em><\/strong><strong><em>tirsdag 25. mai kl 08<\/em><\/strong><strong>.<\/strong><strong> K2 lager et samlet svar som oversendes fakultetet.<\/strong><\/p>\n<p>Runde 2:<\/p>\n<p>I neste runde skal fakultetene gi innspill til UiB sentralt p\u00e5 de tre sp\u00f8rsm\u00e5lene under. Disse svarene skal v\u00e6re mer omfattende enn det som er gitt i f\u00f8rste runde. Forskningsgruppelederne vil f\u00e5 en egen mail om dette, men K2 ber alle om \u00e5 spille inn forslag til svar til forskningsgruppelederne p\u00e5 sp\u00f8rsm\u00e5lene:<\/p>\n<ol>\n<li><em>Hva er det mest fremtredende utviklingstrekk i fakultetenes forskning\/fagfeltene (samme som over)?<\/em><\/li>\n<li><em>Hva er utfordringsbildet i de tematiske omr\u00e5dene i gjeldende langtidsplan?\u00a0<\/em><\/li>\n<li><em>Hva savnes i langtidsplanen? Er det omr\u00e5der, og behov, som ikke \u2018dekkes\u2019 av planens langsiktige prioriteringer og i s\u00e5 fall i hvilke?\u00a0<\/em><\/li>\n<\/ol>\n<p><strong><em>Svar p\u00e5 disse tre sp\u00f8rsm\u00e5lene <\/em><\/strong><strong><em>skal forskningsgruppelederne<\/em><\/strong><strong><em> sende <\/em><\/strong><strong><em>til Silke Appel <\/em><\/strong><strong><em>innen <\/em><\/strong><strong><em>mandag <\/em><\/strong><strong><em>2<\/em><\/strong><strong><em>1<\/em><\/strong><strong><em> juni<\/em><\/strong><strong>.<\/strong><strong> K2 lager et samlet svar som oversendes fakultetet.<\/strong><\/p>\n<p>Fredag 21. mai kl. 13-14 blir det et digitalt oppstartsm\u00f8te for innspillsrunden der statsr\u00e5den vil innlede om ambisjonene for planen og prosessen fram mot en ferdig revidert plan: <a href=\"https:\/\/www.regjeringen.no\/no\/aktuelt\/innspillsrunden-for-langtidsplanen-statsrad-asheim-inviterer-til-oppstartmote-21.-mai\/id2848736\/\">https:\/\/www.regjeringen.no\/no\/aktuelt\/innspillsrunden-for-langtidsplanen-statsrad-asheim-inviterer-til-oppstartmote-21.-mai\/id2848736\/<\/a><\/p>\n<p>Med \u00f8nske om en fredelig og fin Pinse![:en]<img loading=\"lazy\" decoding=\"async\" class=\"alignleft size-full wp-image-18803\" src=\"http:\/\/k2info.w.uib.no\/files\/2021\/02\/Pal-Njolstad.png\" alt=\"\" width=\"250\" height=\"328\" srcset=\"https:\/\/k2info.w.uib.no\/files\/2021\/02\/Pal-Njolstad.png 250w, https:\/\/k2info.w.uib.no\/files\/2021\/02\/Pal-Njolstad-229x300.png 229w\" sizes=\"auto, (max-width: 250px) 100vw, 250px\" \/>The Government&#8217;s long-term plan for research and higher education is an important, strategic tool in knowledge policy. The current long-term plan will now be revised. See here for more info about the long-term plan:<\/p>\n<p>https:\/\/www.regjeringen.no\/no\/tema\/forskning\/innsiktsartikler\/langtidsplan-for-forskning-og-hoyere-utdanning2\/id2615974\/<\/p>\n<p>In connection with the audit, the UiB management has requested input from the faculties in two rounds:<\/p>\n<p>Round 1:<\/p>\n<p>The first round of input for UiB&#8217;s part is a dialogue meeting between the UiB management and KD on May 28 2021. In connection with this, the Rector has requested short and general input from the faculties. Due to a very short deadline, the K2 management has in a separate email asked the research group leaders for help in answering the following questions:<\/p>\n<p><em>What is the most prominent development feature in the faculties&#8217; research \/ fields?<\/em><\/p>\n<p><strong>Answers are requested to be sent to Silke Appel by Tuesday 25 May at 08. K2 makes a comprehensive answer which is sent to the faculty.<\/strong><\/p>\n<p>Round 2:<\/p>\n<p>In the next round, the faculties will provide input to UiB centrally on the three questions below. These answers should be more comprehensive than those given in the first round. The research group leaders will receive a separate email about this, but K2 asks everyone to submit suggestions for answers to the research group leaders to the questions:<\/p>\n<ol>\n<li><em> What is the most prominent development feature in the faculties&#8217; research \/ fields (same as above)?<\/em><\/li>\n<li><em> What is the challenge of the thematic areas in the current long-term plan?<\/em><\/li>\n<li><em> What is missing in the long-term plan? Are there areas, and needs, that are not &#8216;covered&#8217;<\/em> <em>by the plan&#8217;s long-term priorities and, if so, in which ones?<\/em><\/li>\n<\/ol>\n<p><strong>Answers to these three questions should be sent by the research group leaders to Silke Appel by Monday 21 June. K2 makes a comprehensive answer which is sent to the faculty.<\/strong><\/p>\n<p>Friday, May 21 at 13-14, there will be a digital start-up meeting for the audit round where the Minister of Education will introduce the ambitions for the plan and the process towards a completely revised plan: https:\/\/www.regjeringen.no\/no\/aktuelt\/innspillsrunden-for-langtidsplanen-statsrad-asheim -invites-to-boot-fashion-21-May \/ id2848736 \/<\/p>\n<p>Wishing you a peaceful and nice Pentecost!<\/p>\n<p>&nbsp;[:]<\/p>\n","protected":false},"excerpt":{"rendered":"<p>[:no]Regjeringens langtidsplan for forskning og h\u00f8yere utdanning er et viktig, strategisk virkemiddel i kunnskapspolitikken. Gjeldende langtidsplan skal n\u00e5 revideres.\u00a0 Se her for mer info om langtidsplanen: https:\/\/www.regjeringen.no\/no\/tema\/forskning\/innsiktsartikler\/langtidsplan-for-forskning-og-hoyere-utdanning2\/id2615974\/ I forbindelse med revisjonen har UiB-ledelsen bedt om innspill fra fakultetene\u00a0i to omganger:&hellip;<\/p>\n<p class=\"more-link-p\"><a class=\"more-link\" href=\"https:\/\/k2info.w.uib.no\/nb_no\/2021\/05\/19\/regjeringens-langtidsplan-for-forskning-og-hoyere-utdanning-skal-revideres\/\">Read more &rarr;<\/a><\/p>\n","protected":false},"author":2783,"featured_media":0,"comment_status":"open","ping_status":"open","sticky":false,"template":"","format":"standard","meta":{"footnotes":""},"categories":[39969],"tags":[],"class_list":["post-19038","post","type-post","status-publish","format-standard","hentry","category-ukens-leder"],"_links":{"self":[{"href":"https:\/\/k2info.w.uib.no\/nb_no\/wp-json\/wp\/v2\/posts\/19038","targetHints":{"allow":["GET"]}}],"collection":[{"href":"https:\/\/k2info.w.uib.no\/nb_no\/wp-json\/wp\/v2\/posts"}],"about":[{"href":"https:\/\/k2info.w.uib.no\/nb_no\/wp-json\/wp\/v2\/types\/post"}],"author":[{"embeddable":true,"href":"https:\/\/k2info.w.uib.no\/nb_no\/wp-json\/wp\/v2\/users\/2783"}],"replies":[{"embeddable":true,"href":"https:\/\/k2info.w.uib.no\/nb_no\/wp-json\/wp\/v2\/comments?post=19038"}],"version-history":[{"count":2,"href":"https:\/\/k2info.w.uib.no\/nb_no\/wp-json\/wp\/v2\/posts\/19038\/revisions"}],"predecessor-version":[{"id":19040,"href":"https:\/\/k2info.w.uib.no\/nb_no\/wp-json\/wp\/v2\/posts\/19038\/revisions\/19040"}],"wp:attachment":[{"href":"https:\/\/k2info.w.uib.no\/nb_no\/wp-json\/wp\/v2\/media?parent=19038"}],"wp:term":[{"taxonomy":"category","embeddable":true,"href":"https:\/\/k2info.w.uib.no\/nb_no\/wp-json\/wp\/v2\/categories?post=19038"},{"taxonomy":"post_tag","embeddable":true,"href":"https:\/\/k2info.w.uib.no\/nb_no\/wp-json\/wp\/v2\/tags?post=19038"}],"curies":[{"name":"wp","href":"https:\/\/api.w.org\/{rel}","templated":true}]}}