{"id":18566,"date":"2020-11-12T17:53:36","date_gmt":"2020-11-12T16:53:36","guid":{"rendered":"http:\/\/k2info.w.uib.no\/?p=18566"},"modified":"2020-11-12T17:53:36","modified_gmt":"2020-11-12T16:53:36","slug":"kjaere-alle-sammen-2","status":"publish","type":"post","link":"https:\/\/k2info.w.uib.no\/nb_no\/2020\/11\/12\/kjaere-alle-sammen-2\/","title":{"rendered":"[:no]Kj\u00e6re alle sammen![:en]Dear everyone![:]"},"content":{"rendered":"<p>[:no]<a href=\"http:\/\/k2info.w.uib.no\/files\/2017\/11\/picture-7824-1418988707.jpg\"><img loading=\"lazy\" decoding=\"async\" class=\" wp-image-13140 alignleft\" src=\"http:\/\/k2info.w.uib.no\/files\/2017\/11\/picture-7824-1418988707.jpg\" alt=\"\" width=\"145\" height=\"182\" \/><\/a>Da er det fredag 13. og vi er dessverre tilbake p\u00e5 hjemmekontor etter at det nesten f\u00f8ltes som om vi var i normal drift igjen. Ledergruppen vil dermed ogs\u00e5 ha begrenset tilstedev\u00e6relse, men en av oss vil v\u00e6re tilgjengelig hver dag. Heldigvis fikk vi unntak av p\u00e5budt hjemmekontor for personer som er avhengig av \u00e5 v\u00e6re p\u00e5 labben denne gangen. Det er forskningsgruppelederne som skal holde oversikt over aktivitetene.<\/p>\n<p>Med \u00f8kt digitalisering og f\u00e6rre m\u00f8teplasser er det enda viktigere enn f\u00f8r \u00e5 ha gode websider! Vi skal jobbe med K2 sine sider i ukene fremover, og jeg ber ALLE om \u00e5 oppdatere sin personside (<a href=\"https:\/\/manual.uib.no\/webmanual\/personside\/\">https:\/\/manual.uib.no\/webmanual\/personside\/<\/a>) og laste opp et bilde. Dessuten ber jeg alle forskningsgruppelederne om \u00e5 ta initiativet om \u00e5 forbedre websidene, ikke vent til neste K2 retreat (som forh\u00e5pentligvis kommer!)<\/p>\n<p>I tillegg jobber vi med \u00e5 kartlegge undervisningsgruppene. Alle vitenskapelige ansatte har f\u00e5tt epost fra Julie med en lenke til registrering, og saken er ogs\u00e5 med i denne utgaven av K2nytt. Alle vitenskapelige ansatte skal h\u00f8re til minst en undervisningsgruppe!<\/p>\n<p>Ta vare p\u00e5 hverandre og ha en fin helg!<\/p>\n<p>Silke<\/p>\n<p>&nbsp;[:en]<a href=\"http:\/\/k2info.w.uib.no\/files\/2017\/11\/picture-7824-1418988707.jpg\"><img loading=\"lazy\" decoding=\"async\" class=\" wp-image-13140 alignleft\" src=\"http:\/\/k2info.w.uib.no\/files\/2017\/11\/picture-7824-1418988707.jpg\" alt=\"\" width=\"145\" height=\"182\" \/><\/a>It is Friday 13th and unfortunately, we are back in the Home Office after it almost felt like we were back to normal operation. The leadership team will thus also have limited presence, but one of us will be available every day. Fortunately, we were given an exemption from the mandatory home office for people who depend on being in the lab this time. It is the research group leaders who will keep track of the activities.<\/p>\n<p>With increased digitalization and fewer meeting places, it is even more important than before to have good websites! We will be working on K2&#8217;s pages in the weeks ahead and I ask EVERYONE to update his or her person page (<a href=\"https:\/\/manual.uib.no\/webmanual\/personside\/\">https:\/\/manual.uib.no\/webmanual\/personside\/<\/a>) and upload a photo. Besides, I ask all the research group leaders to take the initiative to improve their web pages, do not wait until the next K2 retreat (which hopefully comes!)<\/p>\n<p>In addition, we are working to map the teaching groups. All scientific employees have received an email from Julie with a link to registration, and it is also included in this edition of K2nytt. All scientific employees shall belong to at least one teaching group!<\/p>\n<p>Take care of each other and have a nice weekend!<\/p>\n<p>Silke[:]<\/p>\n","protected":false},"excerpt":{"rendered":"<p>[:no]Da er det fredag 13. og vi er dessverre tilbake p\u00e5 hjemmekontor etter at det nesten f\u00f8ltes som om vi var i normal drift igjen. Ledergruppen vil dermed ogs\u00e5 ha begrenset tilstedev\u00e6relse, men en av oss vil v\u00e6re tilgjengelig hver&hellip;<\/p>\n<p class=\"more-link-p\"><a class=\"more-link\" href=\"https:\/\/k2info.w.uib.no\/nb_no\/2020\/11\/12\/kjaere-alle-sammen-2\/\">Read more &rarr;<\/a><\/p>\n","protected":false},"author":4575,"featured_media":0,"comment_status":"open","ping_status":"open","sticky":false,"template":"","format":"standard","meta":{"footnotes":""},"categories":[39969],"tags":[],"class_list":["post-18566","post","type-post","status-publish","format-standard","hentry","category-ukens-leder"],"_links":{"self":[{"href":"https:\/\/k2info.w.uib.no\/nb_no\/wp-json\/wp\/v2\/posts\/18566","targetHints":{"allow":["GET"]}}],"collection":[{"href":"https:\/\/k2info.w.uib.no\/nb_no\/wp-json\/wp\/v2\/posts"}],"about":[{"href":"https:\/\/k2info.w.uib.no\/nb_no\/wp-json\/wp\/v2\/types\/post"}],"author":[{"embeddable":true,"href":"https:\/\/k2info.w.uib.no\/nb_no\/wp-json\/wp\/v2\/users\/4575"}],"replies":[{"embeddable":true,"href":"https:\/\/k2info.w.uib.no\/nb_no\/wp-json\/wp\/v2\/comments?post=18566"}],"version-history":[{"count":1,"href":"https:\/\/k2info.w.uib.no\/nb_no\/wp-json\/wp\/v2\/posts\/18566\/revisions"}],"predecessor-version":[{"id":18567,"href":"https:\/\/k2info.w.uib.no\/nb_no\/wp-json\/wp\/v2\/posts\/18566\/revisions\/18567"}],"wp:attachment":[{"href":"https:\/\/k2info.w.uib.no\/nb_no\/wp-json\/wp\/v2\/media?parent=18566"}],"wp:term":[{"taxonomy":"category","embeddable":true,"href":"https:\/\/k2info.w.uib.no\/nb_no\/wp-json\/wp\/v2\/categories?post=18566"},{"taxonomy":"post_tag","embeddable":true,"href":"https:\/\/k2info.w.uib.no\/nb_no\/wp-json\/wp\/v2\/tags?post=18566"}],"curies":[{"name":"wp","href":"https:\/\/api.w.org\/{rel}","templated":true}]}}