{"id":18362,"date":"2020-09-17T20:18:28","date_gmt":"2020-09-17T19:18:28","guid":{"rendered":"http:\/\/k2info.w.uib.no\/?p=18362"},"modified":"2020-09-17T20:18:28","modified_gmt":"2020-09-17T19:18:28","slug":"midlertidig-rokkering-i-k2-ledelsen","status":"publish","type":"post","link":"https:\/\/k2info.w.uib.no\/nb_no\/2020\/09\/17\/midlertidig-rokkering-i-k2-ledelsen\/","title":{"rendered":"[:no]Midlertidig rokkering i K2-ledelsen[:en]Temporary changes in the K2 management[:]"},"content":{"rendered":"<p>[:no]<a href=\"http:\/\/k2info.w.uib.no\/files\/2018\/08\/P\u00e5l-Nj\u00f8lstad.png\"><img loading=\"lazy\" decoding=\"async\" class=\" wp-image-14369 alignleft\" src=\"http:\/\/k2info.w.uib.no\/files\/2018\/08\/P\u00e5l-Nj\u00f8lstad.png\" alt=\"\" width=\"121\" height=\"159\" srcset=\"https:\/\/k2info.w.uib.no\/files\/2018\/08\/P\u00e5l-Nj\u00f8lstad.png 250w, https:\/\/k2info.w.uib.no\/files\/2018\/08\/P\u00e5l-Nj\u00f8lstad-229x300.png 229w\" sizes=\"auto, (max-width: 121px) 100vw, 121px\" \/><\/a>Kj\u00e6re alle. Dekanatet \u00f8nsker fullt fokus p\u00e5 SFF-s\u00f8knadene siste 2 mnd med den effekt at de to koordinatorene ved K2, Eystein og meg, gis\u00a0midlertidig permisjon fra v\u00e5re verv i K2-ledelsen. Fra 21\/9 og i ca. 2 mnd rykker Slike Appel opp som fungerende instituttleder og Emmet McCormack som forskningsansvarlig pluss visestyrer. Alle henvendelser, epost, telefoner mm skal s\u00e5ledes g\u00e5 til disse og ikke til Eystein eller meg i denne tiden.<\/p>\n<p>Jeg vil benytte anledningen til \u00e5 takke begge to for at dere\u00a0er villige til \u00e5 ta p\u00e5 dere\u00a0disse vervene. Jeg er sikker p\u00e5 at dere vil skj\u00f8tte vervene p\u00e5 en utmerket\u00a0m\u00e5te og \u00f8nsker dere lykke til![:en]<a href=\"http:\/\/k2info.w.uib.no\/files\/2018\/08\/P\u00e5l-Nj\u00f8lstad.png\"><img loading=\"lazy\" decoding=\"async\" class=\" wp-image-14369 alignleft\" src=\"http:\/\/k2info.w.uib.no\/files\/2018\/08\/P\u00e5l-Nj\u00f8lstad.png\" alt=\"\" width=\"144\" height=\"189\" srcset=\"https:\/\/k2info.w.uib.no\/files\/2018\/08\/P\u00e5l-Nj\u00f8lstad.png 250w, https:\/\/k2info.w.uib.no\/files\/2018\/08\/P\u00e5l-Nj\u00f8lstad-229x300.png 229w\" sizes=\"auto, (max-width: 144px) 100vw, 144px\" \/><\/a>Dear all. The Dean&#8217;s office wants full focus on the CoE applications for the last 2 months, with the effect that the two coordinators at K2, Eystein Husebye and me, are given temporary leave from our positions in the K2 management. From 21\/9 and for approx. 2 months, Slike Appel is promoted as acting Head of Department and Emmet McCormack as Head of Research plus Deputy Head of Department. All inquiries, emails, telephones etc. must thus go to these and not to Eystein or me at this time.<\/p>\n<p>I would like to take this opportunity to thank both of you for your willingness to take on these positions. I am sure you will manage the positions in an excellent way and wish you luck![:]<\/p>\n","protected":false},"excerpt":{"rendered":"<p>[:no]Kj\u00e6re alle. Dekanatet \u00f8nsker fullt fokus p\u00e5 SFF-s\u00f8knadene siste 2 mnd med den effekt at de to koordinatorene ved K2, Eystein og meg, gis\u00a0midlertidig permisjon fra v\u00e5re verv i K2-ledelsen. Fra 21\/9 og i ca. 2 mnd rykker Slike Appel&hellip;<\/p>\n<p class=\"more-link-p\"><a class=\"more-link\" href=\"https:\/\/k2info.w.uib.no\/nb_no\/2020\/09\/17\/midlertidig-rokkering-i-k2-ledelsen\/\">Read more &rarr;<\/a><\/p>\n","protected":false},"author":4575,"featured_media":0,"comment_status":"open","ping_status":"open","sticky":false,"template":"","format":"standard","meta":{"footnotes":""},"categories":[39969],"tags":[],"class_list":["post-18362","post","type-post","status-publish","format-standard","hentry","category-ukens-leder"],"_links":{"self":[{"href":"https:\/\/k2info.w.uib.no\/nb_no\/wp-json\/wp\/v2\/posts\/18362","targetHints":{"allow":["GET"]}}],"collection":[{"href":"https:\/\/k2info.w.uib.no\/nb_no\/wp-json\/wp\/v2\/posts"}],"about":[{"href":"https:\/\/k2info.w.uib.no\/nb_no\/wp-json\/wp\/v2\/types\/post"}],"author":[{"embeddable":true,"href":"https:\/\/k2info.w.uib.no\/nb_no\/wp-json\/wp\/v2\/users\/4575"}],"replies":[{"embeddable":true,"href":"https:\/\/k2info.w.uib.no\/nb_no\/wp-json\/wp\/v2\/comments?post=18362"}],"version-history":[{"count":1,"href":"https:\/\/k2info.w.uib.no\/nb_no\/wp-json\/wp\/v2\/posts\/18362\/revisions"}],"predecessor-version":[{"id":18363,"href":"https:\/\/k2info.w.uib.no\/nb_no\/wp-json\/wp\/v2\/posts\/18362\/revisions\/18363"}],"wp:attachment":[{"href":"https:\/\/k2info.w.uib.no\/nb_no\/wp-json\/wp\/v2\/media?parent=18362"}],"wp:term":[{"taxonomy":"category","embeddable":true,"href":"https:\/\/k2info.w.uib.no\/nb_no\/wp-json\/wp\/v2\/categories?post=18362"},{"taxonomy":"post_tag","embeddable":true,"href":"https:\/\/k2info.w.uib.no\/nb_no\/wp-json\/wp\/v2\/tags?post=18362"}],"curies":[{"name":"wp","href":"https:\/\/api.w.org\/{rel}","templated":true}]}}