{"id":17869,"date":"2020-04-30T08:13:33","date_gmt":"2020-04-30T07:13:33","guid":{"rendered":"http:\/\/k2info.w.uib.no\/?p=17869"},"modified":"2020-04-30T10:19:12","modified_gmt":"2020-04-30T09:19:12","slug":"onsker-du-pedagogisk-stimuli","status":"publish","type":"post","link":"https:\/\/k2info.w.uib.no\/nb_no\/2020\/04\/30\/onsker-du-pedagogisk-stimuli\/","title":{"rendered":"[:no]\u00d8nsker du pedagogisk stimuli?[:en]Norwegian: \u00d8nsker du pedagogisk stimuli?[:]"},"content":{"rendered":"<p>L\u00e6ringsfestivalen er i \u00e5r digital, og gratis \u00e5 v\u00e6re med p\u00e5, den g\u00e5r 4-5 mai.<\/p>\n<p><em><strong>Hva er\u00a0L\u00e6ringsfestivalen?\u00a0<\/strong><\/em>Festivalen\u00a0er en nasjonal konferanse med fokus p\u00e5 undervisning og l\u00e6ring i h\u00f8yere utdanning. \u00c5rets tema er:<\/p>\n<ul>\n<li>studentaktiv l\u00e6ring<\/li>\n<li>l\u00e6ringsarenaer<\/li>\n<li>vurdering<\/li>\n<li>l\u00e6ring og teknologi<\/li>\n<\/ul>\n<p>Programmet er tilgjengelig her: <a href=\"https:\/\/www.ntnu.no\/laeringsfestivalen\/program\">https:\/\/www.ntnu.no\/laeringsfestivalen\/program<\/a><\/p>\n","protected":false},"excerpt":{"rendered":"<p>L\u00e6ringsfestivalen er i \u00e5r digital, og gratis \u00e5 v\u00e6re med p\u00e5, den g\u00e5r 4-5 mai. Hva er\u00a0L\u00e6ringsfestivalen?\u00a0Festivalen\u00a0er en nasjonal konferanse med fokus p\u00e5 undervisning og l\u00e6ring i h\u00f8yere utdanning. \u00c5rets tema er: studentaktiv l\u00e6ring l\u00e6ringsarenaer vurdering l\u00e6ring og teknologi Programmet&hellip;<\/p>\n<p class=\"more-link-p\"><a class=\"more-link\" href=\"https:\/\/k2info.w.uib.no\/nb_no\/2020\/04\/30\/onsker-du-pedagogisk-stimuli\/\">Read more &rarr;<\/a><\/p>\n","protected":false},"author":4575,"featured_media":0,"comment_status":"open","ping_status":"open","sticky":false,"template":"","format":"standard","meta":{"footnotes":""},"categories":[44,45498],"tags":[],"class_list":["post-17869","post","type-post","status-publish","format-standard","hentry","category-nyheter","category-seminar-kurs-og-konferanser"],"_links":{"self":[{"href":"https:\/\/k2info.w.uib.no\/nb_no\/wp-json\/wp\/v2\/posts\/17869","targetHints":{"allow":["GET"]}}],"collection":[{"href":"https:\/\/k2info.w.uib.no\/nb_no\/wp-json\/wp\/v2\/posts"}],"about":[{"href":"https:\/\/k2info.w.uib.no\/nb_no\/wp-json\/wp\/v2\/types\/post"}],"author":[{"embeddable":true,"href":"https:\/\/k2info.w.uib.no\/nb_no\/wp-json\/wp\/v2\/users\/4575"}],"replies":[{"embeddable":true,"href":"https:\/\/k2info.w.uib.no\/nb_no\/wp-json\/wp\/v2\/comments?post=17869"}],"version-history":[{"count":1,"href":"https:\/\/k2info.w.uib.no\/nb_no\/wp-json\/wp\/v2\/posts\/17869\/revisions"}],"predecessor-version":[{"id":17870,"href":"https:\/\/k2info.w.uib.no\/nb_no\/wp-json\/wp\/v2\/posts\/17869\/revisions\/17870"}],"wp:attachment":[{"href":"https:\/\/k2info.w.uib.no\/nb_no\/wp-json\/wp\/v2\/media?parent=17869"}],"wp:term":[{"taxonomy":"category","embeddable":true,"href":"https:\/\/k2info.w.uib.no\/nb_no\/wp-json\/wp\/v2\/categories?post=17869"},{"taxonomy":"post_tag","embeddable":true,"href":"https:\/\/k2info.w.uib.no\/nb_no\/wp-json\/wp\/v2\/tags?post=17869"}],"curies":[{"name":"wp","href":"https:\/\/api.w.org\/{rel}","templated":true}]}}