{"id":17525,"date":"2020-04-03T09:20:57","date_gmt":"2020-04-03T08:20:57","guid":{"rendered":"http:\/\/k2info.w.uib.no\/?p=17525"},"modified":"2020-04-03T09:20:57","modified_gmt":"2020-04-03T08:20:57","slug":"ukens-ansatt-elise-orvedal-leiten","status":"publish","type":"post","link":"https:\/\/k2info.w.uib.no\/nb_no\/2020\/04\/03\/ukens-ansatt-elise-orvedal-leiten\/","title":{"rendered":"[:no]Ukens ansatt &#8211; Elise Orvedal Leiten[:en]This week\u2019s employee &#8211; Elise Orvedal Leiten[:]"},"content":{"rendered":"<p>[:no]<\/p>\n<div><\/div>\n<div><a href=\"http:\/\/k2info.w.uib.no\/files\/2020\/03\/766B94A7-61C1-4638-9F94-B23F42F9BBA8-scaled.jpeg\"><img loading=\"lazy\" decoding=\"async\" class=\"size-medium wp-image-17526 alignleft\" src=\"http:\/\/k2info.w.uib.no\/files\/2020\/03\/766B94A7-61C1-4638-9F94-B23F42F9BBA8-225x300.jpeg\" alt=\"\" width=\"225\" height=\"300\" srcset=\"https:\/\/k2info.w.uib.no\/files\/2020\/03\/766B94A7-61C1-4638-9F94-B23F42F9BBA8-225x300.jpeg 225w, https:\/\/k2info.w.uib.no\/files\/2020\/03\/766B94A7-61C1-4638-9F94-B23F42F9BBA8-768x1024.jpeg 768w, https:\/\/k2info.w.uib.no\/files\/2020\/03\/766B94A7-61C1-4638-9F94-B23F42F9BBA8-1152x1536.jpeg 1152w, https:\/\/k2info.w.uib.no\/files\/2020\/03\/766B94A7-61C1-4638-9F94-B23F42F9BBA8-1536x2048.jpeg 1536w, https:\/\/k2info.w.uib.no\/files\/2020\/03\/766B94A7-61C1-4638-9F94-B23F42F9BBA8-624x832.jpeg 624w, https:\/\/k2info.w.uib.no\/files\/2020\/03\/766B94A7-61C1-4638-9F94-B23F42F9BBA8-scaled.jpeg 1920w\" sizes=\"auto, (max-width: 225px) 100vw, 225px\" \/><\/a><\/div>\n<div>\n<div>\n<p><strong>Hva arbeider du med?<\/strong><\/p>\n<p>Jeg er tidligere forskerlinjestudent og n\u00e5 stipendiat i lungegruppen. Jeg er tilknyttet prosjektet MikroKOLS som overordnet tar sikte p\u00e5 \u00e5 kartlegge lungemikrobiomet, alts\u00e5 sammensetningen av mikroorganismer i luftveiene, ved kols, astma og hos lungefriske kontrollpersoner. Med over 300 bronkoskopier er det den st\u00f8rste studien i sitt slag. I PhD-prosjektet mitt unders\u00f8ker jeg om lungemikrobiota ved stabil kols er assosiert med hyppighet av kolsforverringer. Tidligere i prosjektet kartla jeg komplikasjoner og ubehag i forbindelse med forskningsbronkoskopiene vi gjennomf\u00f8rte.<\/p>\n<p><strong>Hva liker du \u00e5 jobbe med p\u00e5 K2?<\/strong><\/p>\n<p>Jeg har v\u00e6rt s\u00e5 heldig \u00e5 kunne knytte meg til forskningsgruppen min tidlig p\u00e5 medisinstudiet, noe som gj\u00f8r at jeg f\u00f8ler p\u00e5 et sterkt eierskap til prosjektet og n\u00e6rhet til mine trivelige kolleger. I tillegg til forskningen har jeg f\u00e5tt undervise litt, noe jeg synes er veldig kjekt.<\/p>\n<\/div>\n<\/div>\n<p>[:en]<a href=\"http:\/\/k2info.w.uib.no\/files\/2020\/03\/766B94A7-61C1-4638-9F94-B23F42F9BBA8-scaled.jpeg\"><img loading=\"lazy\" decoding=\"async\" class=\"size-medium wp-image-17526 alignleft\" src=\"http:\/\/k2info.w.uib.no\/files\/2020\/03\/766B94A7-61C1-4638-9F94-B23F42F9BBA8-225x300.jpeg\" alt=\"\" width=\"225\" height=\"300\" srcset=\"https:\/\/k2info.w.uib.no\/files\/2020\/03\/766B94A7-61C1-4638-9F94-B23F42F9BBA8-225x300.jpeg 225w, https:\/\/k2info.w.uib.no\/files\/2020\/03\/766B94A7-61C1-4638-9F94-B23F42F9BBA8-768x1024.jpeg 768w, https:\/\/k2info.w.uib.no\/files\/2020\/03\/766B94A7-61C1-4638-9F94-B23F42F9BBA8-1152x1536.jpeg 1152w, https:\/\/k2info.w.uib.no\/files\/2020\/03\/766B94A7-61C1-4638-9F94-B23F42F9BBA8-1536x2048.jpeg 1536w, https:\/\/k2info.w.uib.no\/files\/2020\/03\/766B94A7-61C1-4638-9F94-B23F42F9BBA8-624x832.jpeg 624w, https:\/\/k2info.w.uib.no\/files\/2020\/03\/766B94A7-61C1-4638-9F94-B23F42F9BBA8-scaled.jpeg 1920w\" sizes=\"auto, (max-width: 225px) 100vw, 225px\" \/><\/a><strong>What are you working on?<\/strong><\/p>\n<div>\n<p>I am a PhD student and former MSRP (forskerlinje) student in the Respiratory research group. I work on the MicroCOPD study, a study which aims to map the lung microbiome in persons with COPD, asthma and without lung disease. With more than 300 bronchoscopies, MicroCOPD is the largest study in this field. In my PhD project, I investigate if the lung microbiota of stable COPD is associated with the frequency of COPD exacerbations. I have also studied the complications and discomforts of the conducted bronchoscopies.<\/p>\n<p><strong>Why K2? What do you enjoy to work with at K2?<\/strong><\/p>\n<p>I have been a part of the research group since early in medical school, and I appreciate having been involved from the beginning of the study and getting to know my great colleagues. In addition to research, I have had the opportunity to teach a little bit, which I really enjoy.<\/p>\n<\/div>\n<p>[:]<\/p>\n","protected":false},"excerpt":{"rendered":"<p>[:no] Hva arbeider du med? Jeg er tidligere forskerlinjestudent og n\u00e5 stipendiat i lungegruppen. Jeg er tilknyttet prosjektet MikroKOLS som overordnet tar sikte p\u00e5 \u00e5 kartlegge lungemikrobiomet, alts\u00e5 sammensetningen av mikroorganismer i luftveiene, ved kols, astma og hos lungefriske kontrollpersoner.&hellip;<\/p>\n<p class=\"more-link-p\"><a class=\"more-link\" href=\"https:\/\/k2info.w.uib.no\/nb_no\/2020\/04\/03\/ukens-ansatt-elise-orvedal-leiten\/\">Read more &rarr;<\/a><\/p>\n","protected":false},"author":4474,"featured_media":0,"comment_status":"open","ping_status":"open","sticky":false,"template":"","format":"standard","meta":{"footnotes":""},"categories":[44],"tags":[],"class_list":["post-17525","post","type-post","status-publish","format-standard","hentry","category-nyheter"],"_links":{"self":[{"href":"https:\/\/k2info.w.uib.no\/nb_no\/wp-json\/wp\/v2\/posts\/17525","targetHints":{"allow":["GET"]}}],"collection":[{"href":"https:\/\/k2info.w.uib.no\/nb_no\/wp-json\/wp\/v2\/posts"}],"about":[{"href":"https:\/\/k2info.w.uib.no\/nb_no\/wp-json\/wp\/v2\/types\/post"}],"author":[{"embeddable":true,"href":"https:\/\/k2info.w.uib.no\/nb_no\/wp-json\/wp\/v2\/users\/4474"}],"replies":[{"embeddable":true,"href":"https:\/\/k2info.w.uib.no\/nb_no\/wp-json\/wp\/v2\/comments?post=17525"}],"version-history":[{"count":8,"href":"https:\/\/k2info.w.uib.no\/nb_no\/wp-json\/wp\/v2\/posts\/17525\/revisions"}],"predecessor-version":[{"id":17680,"href":"https:\/\/k2info.w.uib.no\/nb_no\/wp-json\/wp\/v2\/posts\/17525\/revisions\/17680"}],"wp:attachment":[{"href":"https:\/\/k2info.w.uib.no\/nb_no\/wp-json\/wp\/v2\/media?parent=17525"}],"wp:term":[{"taxonomy":"category","embeddable":true,"href":"https:\/\/k2info.w.uib.no\/nb_no\/wp-json\/wp\/v2\/categories?post=17525"},{"taxonomy":"post_tag","embeddable":true,"href":"https:\/\/k2info.w.uib.no\/nb_no\/wp-json\/wp\/v2\/tags?post=17525"}],"curies":[{"name":"wp","href":"https:\/\/api.w.org\/{rel}","templated":true}]}}