{"id":15723,"date":"2019-03-01T08:31:35","date_gmt":"2019-03-01T07:31:35","guid":{"rendered":"http:\/\/k2info.w.uib.no\/?p=15723"},"modified":"2019-03-01T12:51:57","modified_gmt":"2019-03-01T11:51:57","slug":"nytt-om-navn-65","status":"publish","type":"post","link":"https:\/\/k2info.w.uib.no\/nb_no\/2019\/03\/01\/nytt-om-navn-65\/","title":{"rendered":"[:no]Nytt om navn[:en]New names[:]"},"content":{"rendered":"<p>[:no]<span style=\"color: #000000;font-family: Calibri;font-size: medium\"><a href=\"http:\/\/k2info.w.uib.no\/files\/2019\/03\/IMG_20190222_074058.jpg\"><img loading=\"lazy\" decoding=\"async\" class=\"wp-image-15724 alignleft\" src=\"http:\/\/k2info.w.uib.no\/files\/2019\/03\/IMG_20190222_074058-768x1024.jpg\" alt=\"\" width=\"263\" height=\"350\" srcset=\"https:\/\/k2info.w.uib.no\/files\/2019\/03\/IMG_20190222_074058-768x1024.jpg 768w, https:\/\/k2info.w.uib.no\/files\/2019\/03\/IMG_20190222_074058-225x300.jpg 225w, https:\/\/k2info.w.uib.no\/files\/2019\/03\/IMG_20190222_074058-624x832.jpg 624w\" sizes=\"auto, (max-width: 263px) 100vw, 263px\" \/><\/a>Hei! Mitt navn er Elise Orvedal Leiten. Jeg er tidligere <\/span><span style=\"color: #000000;font-family: Calibri;font-size: medium\">forskerlinjestudent og n\u00e5 stipendiat fra september 2018.<br \/>\n<\/span><span style=\"color: #000000;font-family: Calibri;font-size: medium\">Jeg er tilknyttet Mikrokols-studien og lungegruppen, og har forsket p\u00e5<br \/>\n<\/span><span style=\"color: #000000;font-family: Calibri;font-size: medium\">komplikasjoner og ubehag ved bronkoskopi. N\u00e5 unders\u00f8ker jeg mulige <\/span><span style=\"color: #000000;font-family: Calibri;font-size: medium\">sammenhenger mellom lungemikrobiomet og forverringer av kols.<br \/>\n<\/span><span style=\"color: #000000;font-family: Calibri;font-size: medium\">Hvis du vil kontakte meg har jeg kontor i femte etasje i BUS1, eller jeg <\/span><span style=\"font-family: Calibri\"><span style=\"font-size: medium\"><span style=\"color: #000000\">kan n\u00e5s p\u00e5 epost: <a>elise.leiten@uib.no<\/a><\/span><\/span><\/span>[:en]<span style=\"color: #000000;font-family: Calibri;font-size: medium\"><a href=\"http:\/\/k2info.w.uib.no\/files\/2019\/03\/IMG_20190222_074058.jpg\"><img loading=\"lazy\" decoding=\"async\" class=\" wp-image-15724 alignleft\" src=\"http:\/\/k2info.w.uib.no\/files\/2019\/03\/IMG_20190222_074058-768x1024.jpg\" alt=\"\" width=\"294\" height=\"392\" srcset=\"https:\/\/k2info.w.uib.no\/files\/2019\/03\/IMG_20190222_074058-768x1024.jpg 768w, https:\/\/k2info.w.uib.no\/files\/2019\/03\/IMG_20190222_074058-225x300.jpg 225w, https:\/\/k2info.w.uib.no\/files\/2019\/03\/IMG_20190222_074058-624x832.jpg 624w\" sizes=\"auto, (max-width: 294px) 100vw, 294px\" \/><\/a>Hi! My name is Elise Orvedal Leiten. I started as a PhD student in <\/span><span style=\"color: #000000;font-family: Calibri;font-size: medium\">September 2018.<br \/>\n<\/span><span style=\"color: #000000;font-family: Calibri;font-size: medium\">In medical school, I took part in the Medical Student Research <\/span><span style=\"color: #000000;font-family: Calibri;font-size: medium\">Programme, and became involved in the Micro COPD study where I have<br \/>\n<\/span><span style=\"color: #000000;font-family: Calibri;font-size: medium\">investigated the complications and discomfort associated with <\/span><span style=\"color: #000000;font-family: Calibri;font-size: medium\">bronchoscopy.<br \/>\n<\/span><span style=\"color: #000000;font-family: Calibri;font-size: medium\">Now my work is focused on the microbiome of the lung, and its relation <\/span><span style=\"color: #000000;font-family: Calibri;font-size: medium\">to exacerbations of COPD.<br \/>\n<\/span><span style=\"color: #000000;font-family: Calibri;font-size: medium\">I can be contacted at my office in BUS1, or you can email me: <\/span><a>elise.leiten@gmail.com<\/a>[:]<\/p>\n","protected":false},"excerpt":{"rendered":"<p>[:no]Hei! Mitt navn er Elise Orvedal Leiten. Jeg er tidligere forskerlinjestudent og n\u00e5 stipendiat fra september 2018. Jeg er tilknyttet Mikrokols-studien og lungegruppen, og har forsket p\u00e5 komplikasjoner og ubehag ved bronkoskopi. N\u00e5 unders\u00f8ker jeg mulige sammenhenger mellom lungemikrobiomet og&hellip;<\/p>\n<p class=\"more-link-p\"><a class=\"more-link\" href=\"https:\/\/k2info.w.uib.no\/nb_no\/2019\/03\/01\/nytt-om-navn-65\/\">Read more &rarr;<\/a><\/p>\n","protected":false},"author":3656,"featured_media":0,"comment_status":"open","ping_status":"open","sticky":false,"template":"","format":"standard","meta":{"footnotes":""},"categories":[65036],"tags":[],"class_list":["post-15723","post","type-post","status-publish","format-standard","hentry","category-nytt-om-navn"],"_links":{"self":[{"href":"https:\/\/k2info.w.uib.no\/nb_no\/wp-json\/wp\/v2\/posts\/15723","targetHints":{"allow":["GET"]}}],"collection":[{"href":"https:\/\/k2info.w.uib.no\/nb_no\/wp-json\/wp\/v2\/posts"}],"about":[{"href":"https:\/\/k2info.w.uib.no\/nb_no\/wp-json\/wp\/v2\/types\/post"}],"author":[{"embeddable":true,"href":"https:\/\/k2info.w.uib.no\/nb_no\/wp-json\/wp\/v2\/users\/3656"}],"replies":[{"embeddable":true,"href":"https:\/\/k2info.w.uib.no\/nb_no\/wp-json\/wp\/v2\/comments?post=15723"}],"version-history":[{"count":2,"href":"https:\/\/k2info.w.uib.no\/nb_no\/wp-json\/wp\/v2\/posts\/15723\/revisions"}],"predecessor-version":[{"id":15726,"href":"https:\/\/k2info.w.uib.no\/nb_no\/wp-json\/wp\/v2\/posts\/15723\/revisions\/15726"}],"wp:attachment":[{"href":"https:\/\/k2info.w.uib.no\/nb_no\/wp-json\/wp\/v2\/media?parent=15723"}],"wp:term":[{"taxonomy":"category","embeddable":true,"href":"https:\/\/k2info.w.uib.no\/nb_no\/wp-json\/wp\/v2\/categories?post=15723"},{"taxonomy":"post_tag","embeddable":true,"href":"https:\/\/k2info.w.uib.no\/nb_no\/wp-json\/wp\/v2\/tags?post=15723"}],"curies":[{"name":"wp","href":"https:\/\/api.w.org\/{rel}","templated":true}]}}