{"id":15332,"date":"2018-12-21T12:56:30","date_gmt":"2018-12-21T11:56:30","guid":{"rendered":"http:\/\/k2info.w.uib.no\/?p=15332"},"modified":"2018-12-21T12:56:30","modified_gmt":"2018-12-21T11:56:30","slug":"god-jul-og-godt-nyttar","status":"publish","type":"post","link":"https:\/\/k2info.w.uib.no\/nb_no\/2018\/12\/21\/god-jul-og-godt-nyttar\/","title":{"rendered":"[:no]God jul og godt nytt\u00e5r[:en]Merry Christmas and Happy New Year[:]"},"content":{"rendered":"<p>[:no]<a href=\"http:\/\/k2info.w.uib.no\/files\/2015\/09\/Ultrafiolett-Eystein1.jpg\"><img loading=\"lazy\" decoding=\"async\" class=\" wp-image-7467 alignleft\" src=\"http:\/\/k2info.w.uib.no\/files\/2015\/09\/Ultrafiolett-Eystein1.jpg\" alt=\"\" width=\"128\" height=\"227\" srcset=\"https:\/\/k2info.w.uib.no\/files\/2015\/09\/Ultrafiolett-Eystein1.jpg 1844w, https:\/\/k2info.w.uib.no\/files\/2015\/09\/Ultrafiolett-Eystein1-169x300.jpg 169w, https:\/\/k2info.w.uib.no\/files\/2015\/09\/Ultrafiolett-Eystein1-579x1024.jpg 579w\" sizes=\"auto, (max-width: 128px) 100vw, 128px\" \/><\/a>P\u00e5 \u00e5rets korteste dag er det anledning til \u00e5 senke tempoet litt, lene seg tilbake og tenke litt p\u00e5 \u00e5ret som snart er omme. Alt i alt har K2-\u00e5ret 2018 v\u00e6rt bra. Det har v\u00e6rt gjort mye godt forsknings- og undervisningsarbeid og vi har n\u00e5dd de m\u00e5lene vi satte oss ved \u00e5rets start. Vi har ogs\u00e5 formidlet virksomheten p\u00e5 en god m\u00e5te ved en rekke anledninger, ikke minst gjennom innsalget i <em>Norge n\u00e5\u00a0<\/em>sist uke.<\/p>\n<p>Neste \u00e5r blir det nok like travelt, men f\u00f8r det kan dere alle ta en velfortjent juleferie. Jeg h\u00e5per alle f\u00e5r tid til \u00e5 koble av med familie og venner og gj\u00f8re noe annet enn \u00e5 jobbe.<\/p>\n<p>Ledelsen p\u00e5 K2 \u00f8nsker alle medarbeidere og samarbeidspartnere en riktig god jul og godt nytt\u00e5r.<\/p>\n<p>Eystein<br \/>\nFungerende instituttstyrer[:en]<a href=\"http:\/\/k2info.w.uib.no\/files\/2015\/09\/Ultrafiolett-Eystein1.jpg\"><img loading=\"lazy\" decoding=\"async\" class=\" wp-image-7467 alignleft\" src=\"http:\/\/k2info.w.uib.no\/files\/2015\/09\/Ultrafiolett-Eystein1.jpg\" alt=\"\" width=\"148\" height=\"262\" srcset=\"https:\/\/k2info.w.uib.no\/files\/2015\/09\/Ultrafiolett-Eystein1.jpg 1844w, https:\/\/k2info.w.uib.no\/files\/2015\/09\/Ultrafiolett-Eystein1-169x300.jpg 169w, https:\/\/k2info.w.uib.no\/files\/2015\/09\/Ultrafiolett-Eystein1-579x1024.jpg 579w\" sizes=\"auto, (max-width: 148px) 100vw, 148px\" \/><\/a>On this shortest day of the year, take the opportunity to lower the pace a little, sit back and think about the year soon ending. All in all, the K2 year 2018 has been good. A lot of good research and teaching has been performed and we have achieved the goals we set at the start of the year. We have also been able to present out work to the public on numerous occasions, not least through the program <em>Norge n\u00e5\u00a0<\/em>shown on NRK last week.<\/p>\n<p>Next year will be as busy as 2018, but before that, you can all take a well-deserved Christmas break. I hope everyone will have time to connect with family and friends and have a good and relaxing time.<\/p>\n<p>The management at K2 wishes all employees and partners a happy Christmas and Happy New Year.<\/p>\n<p>Eystein<br \/>\nActing Head of Department[:]<\/p>\n","protected":false},"excerpt":{"rendered":"<p>[:no]P\u00e5 \u00e5rets korteste dag er det anledning til \u00e5 senke tempoet litt, lene seg tilbake og tenke litt p\u00e5 \u00e5ret som snart er omme. Alt i alt har K2-\u00e5ret 2018 v\u00e6rt bra. Det har v\u00e6rt gjort mye godt forsknings- og&hellip;<\/p>\n<p class=\"more-link-p\"><a class=\"more-link\" href=\"https:\/\/k2info.w.uib.no\/nb_no\/2018\/12\/21\/god-jul-og-godt-nyttar\/\">Read more &rarr;<\/a><\/p>\n","protected":false},"author":4186,"featured_media":0,"comment_status":"open","ping_status":"open","sticky":false,"template":"","format":"standard","meta":{"footnotes":""},"categories":[44,39969],"tags":[],"class_list":["post-15332","post","type-post","status-publish","format-standard","hentry","category-nyheter","category-ukens-leder"],"_links":{"self":[{"href":"https:\/\/k2info.w.uib.no\/nb_no\/wp-json\/wp\/v2\/posts\/15332","targetHints":{"allow":["GET"]}}],"collection":[{"href":"https:\/\/k2info.w.uib.no\/nb_no\/wp-json\/wp\/v2\/posts"}],"about":[{"href":"https:\/\/k2info.w.uib.no\/nb_no\/wp-json\/wp\/v2\/types\/post"}],"author":[{"embeddable":true,"href":"https:\/\/k2info.w.uib.no\/nb_no\/wp-json\/wp\/v2\/users\/4186"}],"replies":[{"embeddable":true,"href":"https:\/\/k2info.w.uib.no\/nb_no\/wp-json\/wp\/v2\/comments?post=15332"}],"version-history":[{"count":1,"href":"https:\/\/k2info.w.uib.no\/nb_no\/wp-json\/wp\/v2\/posts\/15332\/revisions"}],"predecessor-version":[{"id":15333,"href":"https:\/\/k2info.w.uib.no\/nb_no\/wp-json\/wp\/v2\/posts\/15332\/revisions\/15333"}],"wp:attachment":[{"href":"https:\/\/k2info.w.uib.no\/nb_no\/wp-json\/wp\/v2\/media?parent=15332"}],"wp:term":[{"taxonomy":"category","embeddable":true,"href":"https:\/\/k2info.w.uib.no\/nb_no\/wp-json\/wp\/v2\/categories?post=15332"},{"taxonomy":"post_tag","embeddable":true,"href":"https:\/\/k2info.w.uib.no\/nb_no\/wp-json\/wp\/v2\/tags?post=15332"}],"curies":[{"name":"wp","href":"https:\/\/api.w.org\/{rel}","templated":true}]}}