{"id":15297,"date":"2018-12-14T09:03:13","date_gmt":"2018-12-14T08:03:13","guid":{"rendered":"http:\/\/k2info.w.uib.no\/?p=15297"},"modified":"2018-12-14T09:05:36","modified_gmt":"2018-12-14T08:05:36","slug":"post-transport-og-campusbuss-julen-2018","status":"publish","type":"post","link":"https:\/\/k2info.w.uib.no\/nb_no\/2018\/12\/14\/post-transport-og-campusbuss-julen-2018\/","title":{"rendered":"[:no]POST, TRANSPORT og CAMPUSBUSS &#8211; JULEN 2018.[:en](Norwegian) POST, TRANSPORT og CAMPUSBUSS &#8211; JULEN 2018.[:]"},"content":{"rendered":"<p>[:no]Det vil bli hentet\/levert internpost b\u00e5de torsdag 27 og fredag 28. desember.<br \/>\nDet blir ingen postlevering jule- og nytt\u00e5rsaften.<\/p>\n<p>Holder dere stengt i romjulen vennligst gi en tilbakemelding til <a href=\"mailto:transport@uib.no\">transport@uib.no<\/a><\/p>\n<p><strong>Campusbussen er IKKE i rute i uke 52.<br \/>\n<\/strong>OBS: Dvs. <u>ute av rute<\/u>: f.o.m. 24. desember &gt; t.o.m. 01.januar 2019<br \/>\n<u>F\u00f8rste dag i rute blir <strong>onsdag 2. januar 2019.<\/strong><\/u><\/p>\n<p>Hele materiell \/ transport enheten avvikler juleferie.<br \/>\n<strong>Ingen transport <\/strong>oppdrag blir gjennomf\u00f8rt<strong> torsdag 27. og fredag 28.desember.<br \/>\n<\/strong><u>Transport som vanlig, fra <strong>onsdag 2.januar 2019.<\/strong><\/u><\/p>\n<p><strong>Vi \u00f8nsker alle v\u00e5re brukere en riktig <u>God Jul<\/u> og <u>Godt Nytt\u00e5r<\/u>.<\/strong><\/p>\n<p>Eventuelle sp\u00f8rsm\u00e5l om \u00e5pningstider ect. kan rettes til postansvarlig Knut-Egil Larsen.<\/p>\n<p>Med vennlig hilsen<br \/>\nSverre Pettersen<br \/>\nLeder Transport og parkseksjonen[:en]Det vil bli hentet\/levert internpost b\u00e5de torsdag 27 og fredag 28. desember.<br \/>\nDet blir ingen postlevering jule- og nytt\u00e5rsaften.<\/p>\n<p>Holder dere stengt i romjulen vennligst gi en tilbakemelding til <a href=\"mailto:transport@uib.no\">transport@uib.no<\/a><\/p>\n<p><strong>Campusbussen er IKKE i rute i uke 52.<br \/>\n<\/strong>OBS: Dvs. <u>ute av rute<\/u>: f.o.m. 24. desember &gt; t.o.m. 01.januar 2019<br \/>\n<u>F\u00f8rste dag i rute blir <strong>onsdag 2. januar 2019.<\/strong><\/u><\/p>\n<p>Hele materiell \/ transport enheten avvikler juleferie.<br \/>\n<strong>Ingen transport <\/strong>oppdrag blir gjennomf\u00f8rt<strong> torsdag 27. og fredag 28.desember.<br \/>\n<\/strong><u>Transport som vanlig, fra <strong>onsdag 2.januar 2019.<\/strong><\/u><\/p>\n<p><strong>Vi \u00f8nsker alle v\u00e5re brukere en riktig <u>God Jul<\/u> og <u>Godt Nytt\u00e5r<\/u>.<\/strong><\/p>\n<p>Eventuelle sp\u00f8rsm\u00e5l om \u00e5pningstider ect. kan rettes til postansvarlig Knut-Egil Larsen.<\/p>\n<p>Med vennlig hilsen<br \/>\nSverre Pettersen<br \/>\nLeder Transport og parkseksjonen<\/p>\n<p>&nbsp;[:]<\/p>\n","protected":false},"excerpt":{"rendered":"<p>[:no]Det vil bli hentet\/levert internpost b\u00e5de torsdag 27 og fredag 28. desember. Det blir ingen postlevering jule- og nytt\u00e5rsaften. Holder dere stengt i romjulen vennligst gi en tilbakemelding til transport@uib.no Campusbussen er IKKE i rute i uke 52. OBS: Dvs.&hellip;<\/p>\n<p class=\"more-link-p\"><a class=\"more-link\" href=\"https:\/\/k2info.w.uib.no\/nb_no\/2018\/12\/14\/post-transport-og-campusbuss-julen-2018\/\">Read more &rarr;<\/a><\/p>\n","protected":false},"author":4186,"featured_media":0,"comment_status":"open","ping_status":"open","sticky":false,"template":"","format":"standard","meta":{"footnotes":""},"categories":[44],"tags":[],"class_list":["post-15297","post","type-post","status-publish","format-standard","hentry","category-nyheter"],"_links":{"self":[{"href":"https:\/\/k2info.w.uib.no\/nb_no\/wp-json\/wp\/v2\/posts\/15297","targetHints":{"allow":["GET"]}}],"collection":[{"href":"https:\/\/k2info.w.uib.no\/nb_no\/wp-json\/wp\/v2\/posts"}],"about":[{"href":"https:\/\/k2info.w.uib.no\/nb_no\/wp-json\/wp\/v2\/types\/post"}],"author":[{"embeddable":true,"href":"https:\/\/k2info.w.uib.no\/nb_no\/wp-json\/wp\/v2\/users\/4186"}],"replies":[{"embeddable":true,"href":"https:\/\/k2info.w.uib.no\/nb_no\/wp-json\/wp\/v2\/comments?post=15297"}],"version-history":[{"count":4,"href":"https:\/\/k2info.w.uib.no\/nb_no\/wp-json\/wp\/v2\/posts\/15297\/revisions"}],"predecessor-version":[{"id":15309,"href":"https:\/\/k2info.w.uib.no\/nb_no\/wp-json\/wp\/v2\/posts\/15297\/revisions\/15309"}],"wp:attachment":[{"href":"https:\/\/k2info.w.uib.no\/nb_no\/wp-json\/wp\/v2\/media?parent=15297"}],"wp:term":[{"taxonomy":"category","embeddable":true,"href":"https:\/\/k2info.w.uib.no\/nb_no\/wp-json\/wp\/v2\/categories?post=15297"},{"taxonomy":"post_tag","embeddable":true,"href":"https:\/\/k2info.w.uib.no\/nb_no\/wp-json\/wp\/v2\/tags?post=15297"}],"curies":[{"name":"wp","href":"https:\/\/api.w.org\/{rel}","templated":true}]}}